{"id":11411,"date":"2022-08-04T11:45:27","date_gmt":"2022-08-04T09:45:27","guid":{"rendered":"https:\/\/www.amsbeck-mt.de\/?p=11411"},"modified":"2026-01-13T14:27:50","modified_gmt":"2026-01-13T13:27:50","slug":"bautagebuch","status":"publish","type":"post","link":"https:\/\/www.amsbeck-mt.de\/es\/2022\/08\/04\/bautagebuch\/","title":{"rendered":"Diario del edificio"},"content":{"rendered":"<div class=\"brz-root__container brz-reset-all brz brz-root__container-page\">\n<section id=\"Qualit\u00e4tsmanagement\" class=\"brz-section brz-css-11xg63d\">\n<div class=\"brz-section__content brz-section--boxed brz-css-fhu6pf brz-css-1x2du2s\" data-brz-custom-id=\"itjiogdixpcubodzoxvnxchlgudanplsbwxs\">\n<div class=\"brz-container brz-css-nqnae7 brz-css-1dtpxdd\">\n<div class=\"brz-row__container brz-css-nw1q06\" data-brz-custom-id=\"znfcqysiuiqeegyxaibpkdjuzrbcjkoqijyb\">\n<div class=\"brz-bg\"><\/div>\n<div class=\"brz-row brz-css-1xhc2j3 brz-css-1hf5ewc\">\n<div class=\"brz-columns brz-css-13d2b51 brz-css-16ls7nc\" data-brz-custom-id=\"kcxkatmkmqqxjflkyvwyrnzieiodkgawscur\">\n<div class=\"brz-bg\"><\/div>\n<div class=\"brz-column__items brz-css-swefwk\">\n<div class=\"brz-row__container brz-css-nw1q06\" data-brz-custom-id=\"qmvexasctcnbprsfdndkiljlpofwyrvksvof\">\n<div class=\"brz-bg\"><\/div>\n<div class=\"brz-row brz-row--inner brz-css-1xhc2j3 brz-css-1hf5ewc\">\n<div class=\"brz-columns brz-css-13d2b51 brz-css-17vshjw\" data-brz-custom-id=\"pvxfwamkieagjchzhauyxaqjrrgauqziraxk\">\n<div class=\"brz-bg\"><\/div>\n<div class=\"brz-column__items brz-css-swefwk brz-css-8m25ts\">\n<div id=\"\" class=\"brz-css-1ttlh92 brz-css-11s25cp brz-wrapper\">\n<div class=\"brz-rich-text brz-rich-text__custom brz-css-1jzy1md\" data-brz-custom-id=\"myzjvjoizeldosiwlbjstequrvvgbpnzauvu\">\n<div data-brz-translate-text=\"1\">\n<h1 data-uniq-id=\"epkcu\" data-generated-css=\"brz-css-lqvfu\" class=\"brz-tp-lg-heading1 brz-css-s7aIY\"><span class=\"brz-cp-color6\">Diario del edificio<\/span><\/h1>\n<\/div>\n<\/div>\n<\/div>\n<div id=\"\" class=\"brz-css-1ttlh92 brz-css-a24mta brz-wrapper\">\n<div class=\"brz-rich-text brz-rich-text__custom brz-css-1jzy1md\" data-brz-custom-id=\"pnokevoqamuqjgmgigntgzycbicbbsnoteeo\">\n<div data-brz-translate-text=\"1\">\n<p data-uniq-id=\"rrbzq\" data-generated-css=\"brz-css-cbivu\" class=\"brz-tp-lg-paragraph brz-css-xJ9m8\">Hoy - Seis meses despu\u00e9s de la ceremonia de colocaci\u00f3n de la primera piedra, el nuevo edificio de Amsbeck va tomando forma. Ahora ampliamos nuestra nave de producci\u00f3n en Boschweg 15, en Everswinkel, en 1250 m\u00b2. Con el nuevo edificio de la empresa damos ejemplo de confianza y crecimiento.<\/p>\n<\/div>\n<\/div>\n<\/div>\n<\/div>\n<\/div>\n<\/div>\n<\/div>\n<div class=\"brz-row__container brz-css-nw1q06\" data-brz-custom-id=\"stfqhhryspeygkodlkyulaumydvjetogeprw\">\n<div class=\"brz-bg\"><\/div>\n<div class=\"brz-row brz-row--inner brz-css-1xhc2j3 brz-css-1hf5ewc\">\n<div class=\"brz-columns brz-css-13d2b51 brz-css-1f3n6ns\" data-brz-custom-id=\"sygiqtabowvtbugebxmixlubfkfyfjqwmqgb\">\n<div class=\"brz-bg\"><\/div>\n<div class=\"brz-column__items brz-css-swefwk brz-css-fhik1w\">\n<div id=\"\" class=\"brz-css-1ttlh92 brz-css-1s7rvcy brz-wrapper\">\n<div class=\"brz-image brz-css-1cb1exo\" data-brz-custom-id=\"auiqmogvddlktszuzuwhiccjnsqvxmuhfnuv\"><img decoding=\"async\" class=\"brz-img\" src=\"https:\/\/www.amsbeck-mt.de\/wp-content\/uploads\/brizy\/imgs\/Amsbeck-Firmengebaeude-Start-min-scaled-1064x598x79x0x906x598x1724340851.jpg\" alt=\"\" loading=\"lazy\"><\/div>\n<\/div>\n<\/div>\n<\/div>\n<\/div>\n<\/div>\n<div id=\"\" class=\"brz-css-1ttlh92 brz-css-149ylq0 brz-wrapper\">\n<div class=\"brz-line brz-line-default brz-css-sqm12k brz-css-102mp3x\" data-brz-custom-id=\"ikdhvhebtmomgfsggedxrctxisffqzjsvikw\">\n<hr class=\"brz-hr\"><\/div>\n<\/div>\n<div id=\"\" class=\"brz-css-1ttlh92 brz-css-1stwkxo brz-wrapper\">\n<div class=\"brz-rich-text brz-rich-text__custom brz-css-1jzy1md\" data-brz-custom-id=\"tlkkrqlzccetwmmnwlceuawvaqclbaeteznl\">\n<div data-brz-translate-text=\"1\">\n<h5 data-uniq-id=\"pythd\" data-generated-css=\"brz-css-qwhfr\" class=\"brz-text-lg-center brz-tp-lg-heading5 brz-css-oAB7r\"><span class=\"brz-cp-color6\">En tecnolog\u00eda de accionamiento desde 1982<\/span><\/h5>\n<\/div>\n<\/div>\n<\/div>\n<div id=\"\" class=\"brz-css-1ttlh92 brz-css-z5768 brz-wrapper\">\n<div class=\"brz-line brz-line-default brz-css-sqm12k brz-css-d5ezwg\" data-brz-custom-id=\"vjwflaqgqdlxfwbsglpojmqtuppsxfawncos\">\n<hr class=\"brz-hr\"><\/div>\n<\/div>\n<div class=\"brz-row__container brz-css-nw1q06\" data-brz-custom-id=\"ctlgnnejodsohqgphlvhxndghenkgmsivqdm\">\n<div class=\"brz-bg\"><\/div>\n<div class=\"brz-row brz-row--inner brz-css-1xhc2j3 brz-css-1hf5ewc\">\n<div class=\"brz-columns brz-css-13d2b51 brz-css-bgdava\" data-brz-custom-id=\"ervzegrjezjvzgodjxpgvunaaqqqklulasxo\">\n<div class=\"brz-bg\"><\/div>\n<div class=\"brz-column__items brz-css-swefwk\">\n<div id=\"\" class=\"brz-css-1ttlh92 brz-css-1e58jn3 brz-wrapper\">\n<div class=\"brz-rich-text brz-rich-text__custom brz-css-1jzy1md\" data-brz-custom-id=\"fmhejrwmsluqlrdlyabsezwzeuuavxibyuzr\">\n<div data-brz-translate-text=\"1\">\n<p data-generated-css=\"brz-css-hjdrr\" data-uniq-id=\"ilogo\" class=\"brz-tp-lg-paragraph brz-css-fs_3a\">Debido al creciente \u00e9xito de la empresa, se necesitaba espacio adicional, por lo que la propietaria, Susanne Weritz, se decidi\u00f3 por la construcci\u00f3n. Tras un periodo de construcci\u00f3n de unos 6 meses, la finalizaci\u00f3n y el inicio de la utilizaci\u00f3n est\u00e1n ya al alcance de la mano. La nave de producci\u00f3n estar\u00e1 equipada con centros de torneado y fresado CNC para satisfacer las elevadas exigencias de calidad de nuestros clientes.&nbsp;<\/p>\n<p data-generated-css=\"brz-css-anbud\" data-uniq-id=\"ikieb\" class=\"brz-tp-lg-paragraph brz-css-mHoh7\">\n<p data-uniq-id=\"zjibn\" data-generated-css=\"brz-css-tgoqg\" class=\"brz-tp-lg-paragraph brz-css-i9rLd\">El nuevo edificio de producci\u00f3n ofrece espacio suficiente para el crecimiento previsto. 20 de nuestros empleados pasar\u00e1n su jornada laboral en el nuevo edificio.<\/p>\n<p data-uniq-id=\"ybxxx\" data-generated-css=\"brz-css-czzir\" class=\"brz-tp-lg-paragraph brz-css-kE8oT\"><\/p>\n<ul>\n<li data-uniq-id=\"imnsd\" data-generated-css=\"brz-css-weqyn\" class=\"brz-tp-lg-paragraph brz-text-lg-justify brz-css-duVOt\">Ceremonia de colocaci\u00f3n de la primera piedra en septiembre de 2021<\/li>\n<li data-uniq-id=\"hsywn\" data-generated-css=\"brz-css-ftdyi\" class=\"brz-tp-lg-paragraph brz-text-lg-justify brz-css-fwfjc\">Finalizaci\u00f3n a mediados\/finales de 2022<\/li>\n<li data-uniq-id=\"ucdit\" data-generated-css=\"brz-css-ozihp\" class=\"brz-tp-lg-paragraph brz-text-lg-justify brz-css-iKfw2\">Creaci\u00f3n de una zona de producci\u00f3n de 1.200 m\u00b2.<\/li>\n<li data-uniq-id=\"ouuiw\" data-generated-css=\"brz-css-picwd\" class=\"brz-tp-lg-paragraph brz-text-lg-justify brz-css-fQWlt\">Renovaci\u00f3n del complejo de oficinas<\/li>\n<li data-uniq-id=\"mzshh\" data-generated-css=\"brz-css-knnyv\" class=\"brz-tp-lg-paragraph brz-text-lg-justify brz-css-frP5z\">Modernizaci\u00f3n de los lugares de trabajo<\/li>\n<\/ul>\n<p data-uniq-id=\"bbdkd\" data-generated-css=\"brz-css-yyyce\" class=\"brz-tp-lg-paragraph brz-css-t6vcK\"><\/p>\n<\/div>\n<\/div>\n<\/div>\n<div id=\"\" class=\"brz-css-1ttlh92 brz-css-1ajhsxl brz-wrapper\">\n<div class=\"brz-line brz-line-default brz-css-sqm12k brz-css-1jur086\" data-brz-custom-id=\"ztdezucvsloyayausyaekclbzxuvkhexkato\">\n<hr class=\"brz-hr\"><\/div>\n<\/div>\n<\/div>\n<\/div>\n<\/div>\n<\/div>\n<div class=\"brz-row__container brz-css-nw1q06\" data-brz-custom-id=\"ipzjfshdqmhfrogseueudpqdselrtgeznvbw\">\n<div class=\"brz-bg\"><\/div>\n<div class=\"brz-row brz-row--inner brz-css-1xhc2j3 brz-css-1hf5ewc\">\n<div class=\"brz-columns brz-css-13d2b51 brz-css-1j2ab2p\" data-brz-custom-id=\"pbyueuoyjfnhxasxqceacqcgawswkhfucysi\">\n<div class=\"brz-bg\"><\/div>\n<div class=\"brz-column__items brz-css-swefwk\">\n<div id=\"\" class=\"brz-css-1ttlh92 brz-wrapper\">\n<div class=\"brz-image brz-css-o54pt7\" data-brz-custom-id=\"edvvkkrbsvmjurrlwwhamftzefdwxbktztjm\"><img decoding=\"async\" class=\"brz-img\" src=\"https:\/\/www.amsbeck-mt.de\/wp-content\/uploads\/brizy\/imgs\/Amsbeck-Firmengebaeude-Zwischenstand-min-894x503x9x0x876x503x1724340851.png\" alt=\"\" loading=\"lazy\"><\/div>\n<\/div>\n<\/div>\n<\/div>\n<\/div>\n<\/div>\n<div class=\"brz-row__container brz-css-nw1q06\" data-brz-custom-id=\"hsnjbrhyywceqqawbzsdmbughdqjdvehxrch\">\n<div class=\"brz-bg\"><\/div>\n<div class=\"brz-row brz-row--inner brz-css-1xhc2j3 brz-css-1hf5ewc\">\n<div class=\"brz-columns brz-css-13d2b51 brz-css-1bifv0z\" data-brz-custom-id=\"gxqptruvvekqxydmgqfrwxelvhrwtfgfmsfh\">\n<div class=\"brz-bg\"><\/div>\n<div class=\"brz-column__items brz-css-swefwk\">\n<div id=\"\" class=\"brz-css-1ttlh92 brz-css-s1gwd8 brz-wrapper\">\n<div class=\"brz-rich-text brz-rich-text__custom brz-css-1jzy1md\" data-brz-custom-id=\"yohmhldacwhftkxccjfesxewuzvgbqzslbnr\">\n<div data-brz-translate-text=\"1\">\n<p data-uniq-id=\"acxmb\" data-generated-css=\"brz-css-ormfu\" class=\"brz-tp-lg-paragraph brz-css-z3kGO\">Edificio de la empresa Amsbeck Estudio de progreso<\/p>\n<\/div>\n<\/div>\n<\/div>\n<\/div>\n<\/div>\n<\/div>\n<\/div>\n<div class=\"brz-row__container brz-css-nw1q06\" data-brz-custom-id=\"qefvrgktmyohafjfmbsaeiypaxdgcflajglm\">\n<div class=\"brz-bg\"><\/div>\n<div class=\"brz-row brz-row--inner brz-css-1xhc2j3 brz-css-1hf5ewc\">\n<div class=\"brz-columns brz-css-13d2b51 brz-css-13mrwq3\" data-brz-custom-id=\"hrzcuxsjnzfoixtrctidwukzyczulmjnyvqi\">\n<div class=\"brz-bg\"><\/div>\n<div class=\"brz-column__items brz-css-swefwk\">\n<div id=\"\" class=\"brz-css-1ttlh92 brz-wrapper\">\n<div class=\"brz-image brz-css-1mid7f2\" data-brz-custom-id=\"paewualbmxzwgtvlmbiwnrthaadfqwlmnmwy\"><img decoding=\"async\" class=\"brz-img\" src=\"https:\/\/www.amsbeck-mt.de\/wp-content\/uploads\/brizy\/imgs\/Amsbeck-Firmengebaeude-min-894x503x9x0x876x503x1724340851.png\" alt=\"\" loading=\"lazy\"><\/div>\n<\/div>\n<\/div>\n<\/div>\n<\/div>\n<\/div>\n<div class=\"brz-row__container brz-css-nw1q06\" data-brz-custom-id=\"jipjhuwvtixfuoekhcugqslzpxldyxeehsto\">\n<div class=\"brz-bg\"><\/div>\n<div class=\"brz-row brz-row--inner brz-css-1xhc2j3 brz-css-1hf5ewc\">\n<div class=\"brz-columns brz-css-13d2b51 brz-css-16wll3h\" data-brz-custom-id=\"bbtjkydfnxkwvqqsxcrtjbdjuldxsghvloia\">\n<div class=\"brz-bg\"><\/div>\n<div class=\"brz-column__items brz-css-swefwk brz-css-knpki6\">\n<div id=\"\" class=\"brz-css-1ttlh92 brz-css-pvvhur brz-css-m7ovlt brz-wrapper\">\n<div class=\"brz-spacer brz-css-1kbw5zw brz-css-uyzenv\"><\/div>\n<\/div>\n<div id=\"\" class=\"brz-css-1ttlh92 brz-css-owze34 brz-wrapper\">\n<div class=\"brz-line brz-line-default brz-css-sqm12k brz-css-tp11d6\" data-brz-custom-id=\"slqqfenxwadrkupxusvgotaqxxatrhnrdijm\">\n<hr class=\"brz-hr\"><\/div>\n<\/div>\n<div class=\"brz-wrapper-clone brz-css-1xs2juf\">\n<div class=\"brz-d-xs-flex brz-flex-xs-wrap brz-css-95qsh8 brz-css-11mazeo\" data-brz-custom-id=\"\">\n<div class=\"brz-wrapper-clone__item\" id=\"lvueglfmgimourwsimagigfcjlbgzyvwrepk\"><a class=\"brz-a brz-btn brz-css-vh3fn8 brz-css-1m2zipm brz-css-1a290sp brz-css-1m4vt2c\" href=\"https:\/\/www.facebook.com\/\" target=\"_self\" rel=\"noopener\" data-brz-link-type=\"external\" data-brz-custom-id=\"lvueglfmgimourwsimagigfcjlbgzyvwrepk\"><span data-brz-translate-text=\"1\" class=\"brz-span brz-text__editor\">COMPARTIR<\/span><\/a><\/div>\n<div class=\"brz-wrapper-clone__item\" id=\"gqvjvpfemkzuxpycozcdldeckqmzljqwryja\"><a class=\"brz-a brz-btn brz-css-vh3fn8 brz-css-1ezx9si brz-css-1a290sp brz-css-11u4dex\" href=\"https:\/\/www.linkedin.com\/\" target=\"_self\" rel=\"noopener\" data-brz-link-type=\"external\" data-brz-custom-id=\"gqvjvpfemkzuxpycozcdldeckqmzljqwryja\"><span data-brz-translate-text=\"1\" class=\"brz-span brz-text__editor\">COMPARTIR<\/span><\/a><\/div>\n<div class=\"brz-wrapper-clone__item\" id=\"fqrpdijhjjimedemasqlqlovivphrxivoyxh\"><a class=\"brz-a brz-btn brz-css-vh3fn8 brz-css-1a2077x brz-css-1a290sp brz-css-iy70v4\" href=\"https:\/\/www.youtube.com\/\" target=\"_self\" rel=\"noopener\" data-brz-link-type=\"external\" data-brz-custom-id=\"fqrpdijhjjimedemasqlqlovivphrxivoyxh\"><span data-brz-translate-text=\"1\" class=\"brz-span brz-text__editor\">COMPARTIR<\/span><\/a><\/div>\n<\/div>\n<\/div>\n<\/div>\n<\/div>\n<\/div>\n<\/div>\n<\/div>\n<\/div>\n<\/div>\n<\/div>\n<div id=\"\" class=\"brz-css-1ttlh92 brz-css-pvvhur brz-css-13logmw brz-wrapper\">\n<div class=\"brz-spacer brz-css-1kbw5zw brz-css-3pmbuc\"><\/div>\n<\/div>\n<div id=\"\" class=\"brz-css-1ttlh92 brz-css-pvvhur brz-css-lmce22 brz-wrapper\">\n<div class=\"brz-spacer brz-css-1kbw5zw brz-css-62v7d5\"><\/div>\n<\/div>\n<\/div>\n<\/div>\n<\/section>\n<\/div>\n<p>    <!-- version:1737975437 --><\/p>","protected":false},"excerpt":{"rendered":"<p>Hoy - Seis meses despu\u00e9s de la ceremonia de colocaci\u00f3n de la primera piedra, el nuevo edificio de Amsbeck va tomando forma. Ahora ampliamos nuestra nave de producci\u00f3n en Boschweg 15, en Everswinkel, en 1250 m\u00b2. Con el nuevo edificio de la empresa damos ejemplo de confianza y crecimiento.<\/p>","protected":false},"author":1,"featured_media":8403,"comment_status":"closed","ping_status":"open","sticky":false,"template":"brizy-blank-template.php","format":"standard","meta":{"footnotes":""},"categories":[25],"tags":[],"class_list":["post-11411","post","type-post","status-publish","format-standard","has-post-thumbnail","hentry","category-news","entry"],"yoast_head":"<!-- This site is optimized with the Yoast SEO plugin v27.5 - https:\/\/yoast.com\/product\/yoast-seo-wordpress\/ -->\n<title>Bautagebuch - Amsbeck Maschinentechnik<\/title>\n<meta name=\"description\" content=\"Das Bautagebuch der Amsbeck Maschinentechnik GmbH. Ausbau unserer Fertigungshalle f\u00fcr die Produktion von Fliehkraftkupplungen- &amp; Bremsen.\" \/>\n<meta name=\"robots\" content=\"index, follow, max-snippet:-1, max-image-preview:large, max-video-preview:-1\" \/>\n<link rel=\"canonical\" href=\"https:\/\/www.amsbeck-mt.de\/es\/2022\/08\/04\/bautagebuch\/\" \/>\n<meta property=\"og:locale\" content=\"es_ES\" \/>\n<meta property=\"og:type\" content=\"article\" \/>\n<meta property=\"og:title\" content=\"Bautagebuch - Amsbeck Maschinentechnik\" \/>\n<meta property=\"og:description\" content=\"Das Bautagebuch der Amsbeck Maschinentechnik GmbH. Ausbau unserer Fertigungshalle f\u00fcr die Produktion von Fliehkraftkupplungen- &amp; Bremsen.\" \/>\n<meta property=\"og:url\" content=\"https:\/\/www.amsbeck-mt.de\/es\/2022\/08\/04\/bautagebuch\/\" \/>\n<meta property=\"og:site_name\" content=\"Amsbeck Maschinentechnik\" \/>\n<meta property=\"article:published_time\" content=\"2022-08-04T09:45:27+00:00\" \/>\n<meta property=\"article:modified_time\" content=\"2026-01-13T13:27:50+00:00\" \/>\n<meta property=\"og:image\" content=\"https:\/\/www.amsbeck-mt.de\/wp-content\/uploads\/2022\/02\/Amsbeck-Firmengebaeude-Zwischenstand-min.png\" \/>\n\t<meta property=\"og:image:width\" content=\"1280\" \/>\n\t<meta property=\"og:image:height\" content=\"720\" \/>\n\t<meta property=\"og:image:type\" content=\"image\/png\" \/>\n<meta name=\"author\" content=\"Admin\" \/>\n<meta name=\"twitter:card\" content=\"summary_large_image\" \/>\n<meta name=\"twitter:label1\" content=\"Escrito por\" \/>\n\t<meta name=\"twitter:data1\" content=\"Admin\" \/>\n\t<meta name=\"twitter:label2\" content=\"Tiempo de lectura\" \/>\n\t<meta name=\"twitter:data2\" content=\"4 minutos\" \/>\n<script type=\"application\/ld+json\" class=\"yoast-schema-graph\">{\"@context\":\"https:\\\/\\\/schema.org\",\"@graph\":[{\"@type\":\"Article\",\"@id\":\"https:\\\/\\\/www.amsbeck-mt.de\\\/en\\\/2022\\\/08\\\/04\\\/bautagebuch\\\/#article\",\"isPartOf\":{\"@id\":\"https:\\\/\\\/www.amsbeck-mt.de\\\/en\\\/2022\\\/08\\\/04\\\/bautagebuch\\\/\"},\"author\":{\"name\":\"Admin\",\"@id\":\"https:\\\/\\\/www.amsbeck-mt.de\\\/#\\\/schema\\\/person\\\/68452e192f923aad966373df8e494165\"},\"headline\":\"Bautagebuch\",\"datePublished\":\"2022-08-04T09:45:27+00:00\",\"dateModified\":\"2026-01-13T13:27:50+00:00\",\"mainEntityOfPage\":{\"@id\":\"https:\\\/\\\/www.amsbeck-mt.de\\\/en\\\/2022\\\/08\\\/04\\\/bautagebuch\\\/\"},\"wordCount\":157,\"image\":{\"@id\":\"https:\\\/\\\/www.amsbeck-mt.de\\\/en\\\/2022\\\/08\\\/04\\\/bautagebuch\\\/#primaryimage\"},\"thumbnailUrl\":\"https:\\\/\\\/www.amsbeck-mt.de\\\/wp-content\\\/uploads\\\/2022\\\/02\\\/Amsbeck-Firmengebaeude-Zwischenstand-min.png\",\"articleSection\":[\"News\"],\"inLanguage\":\"es\"},{\"@type\":\"WebPage\",\"@id\":\"https:\\\/\\\/www.amsbeck-mt.de\\\/en\\\/2022\\\/08\\\/04\\\/bautagebuch\\\/\",\"url\":\"https:\\\/\\\/www.amsbeck-mt.de\\\/en\\\/2022\\\/08\\\/04\\\/bautagebuch\\\/\",\"name\":\"Bautagebuch - Amsbeck Maschinentechnik\",\"isPartOf\":{\"@id\":\"https:\\\/\\\/www.amsbeck-mt.de\\\/#website\"},\"primaryImageOfPage\":{\"@id\":\"https:\\\/\\\/www.amsbeck-mt.de\\\/en\\\/2022\\\/08\\\/04\\\/bautagebuch\\\/#primaryimage\"},\"image\":{\"@id\":\"https:\\\/\\\/www.amsbeck-mt.de\\\/en\\\/2022\\\/08\\\/04\\\/bautagebuch\\\/#primaryimage\"},\"thumbnailUrl\":\"https:\\\/\\\/www.amsbeck-mt.de\\\/wp-content\\\/uploads\\\/2022\\\/02\\\/Amsbeck-Firmengebaeude-Zwischenstand-min.png\",\"datePublished\":\"2022-08-04T09:45:27+00:00\",\"dateModified\":\"2026-01-13T13:27:50+00:00\",\"author\":{\"@id\":\"https:\\\/\\\/www.amsbeck-mt.de\\\/#\\\/schema\\\/person\\\/68452e192f923aad966373df8e494165\"},\"description\":\"Das Bautagebuch der Amsbeck Maschinentechnik GmbH. Ausbau unserer Fertigungshalle f\u00fcr die Produktion von Fliehkraftkupplungen- & Bremsen.\",\"breadcrumb\":{\"@id\":\"https:\\\/\\\/www.amsbeck-mt.de\\\/en\\\/2022\\\/08\\\/04\\\/bautagebuch\\\/#breadcrumb\"},\"inLanguage\":\"es\",\"potentialAction\":[{\"@type\":\"ReadAction\",\"target\":[\"https:\\\/\\\/www.amsbeck-mt.de\\\/en\\\/2022\\\/08\\\/04\\\/bautagebuch\\\/\"]}]},{\"@type\":\"ImageObject\",\"inLanguage\":\"es\",\"@id\":\"https:\\\/\\\/www.amsbeck-mt.de\\\/en\\\/2022\\\/08\\\/04\\\/bautagebuch\\\/#primaryimage\",\"url\":\"https:\\\/\\\/www.amsbeck-mt.de\\\/wp-content\\\/uploads\\\/2022\\\/02\\\/Amsbeck-Firmengebaeude-Zwischenstand-min.png\",\"contentUrl\":\"https:\\\/\\\/www.amsbeck-mt.de\\\/wp-content\\\/uploads\\\/2022\\\/02\\\/Amsbeck-Firmengebaeude-Zwischenstand-min.png\",\"width\":1280,\"height\":720,\"caption\":\"Amsbeck Firmengeb\u00e4ude Fortschritt Bestandaufnahme\"},{\"@type\":\"BreadcrumbList\",\"@id\":\"https:\\\/\\\/www.amsbeck-mt.de\\\/en\\\/2022\\\/08\\\/04\\\/bautagebuch\\\/#breadcrumb\",\"itemListElement\":[{\"@type\":\"ListItem\",\"position\":1,\"name\":\"Startseite\",\"item\":\"https:\\\/\\\/www.amsbeck-mt.de\\\/\"},{\"@type\":\"ListItem\",\"position\":2,\"name\":\"Bautagebuch\"}]},{\"@type\":\"WebSite\",\"@id\":\"https:\\\/\\\/www.amsbeck-mt.de\\\/#website\",\"url\":\"https:\\\/\\\/www.amsbeck-mt.de\\\/\",\"name\":\"Amsbeck Maschinentechnik\",\"description\":\"Ihr Partner rund um Fliehkraftkupplungen und Fliehkraftbremsen\",\"potentialAction\":[{\"@type\":\"SearchAction\",\"target\":{\"@type\":\"EntryPoint\",\"urlTemplate\":\"https:\\\/\\\/www.amsbeck-mt.de\\\/?s={search_term_string}\"},\"query-input\":{\"@type\":\"PropertyValueSpecification\",\"valueRequired\":true,\"valueName\":\"search_term_string\"}}],\"inLanguage\":\"es\"},{\"@type\":\"Person\",\"@id\":\"https:\\\/\\\/www.amsbeck-mt.de\\\/#\\\/schema\\\/person\\\/68452e192f923aad966373df8e494165\",\"name\":\"Admin\",\"image\":{\"@type\":\"ImageObject\",\"inLanguage\":\"es\",\"@id\":\"https:\\\/\\\/secure.gravatar.com\\\/avatar\\\/c0d3f1c3d66d5c515e02bd9b55ac469c62cef0e75e71c5bdee264742ff3e7908?s=96&d=mm&r=g\",\"url\":\"https:\\\/\\\/secure.gravatar.com\\\/avatar\\\/c0d3f1c3d66d5c515e02bd9b55ac469c62cef0e75e71c5bdee264742ff3e7908?s=96&d=mm&r=g\",\"contentUrl\":\"https:\\\/\\\/secure.gravatar.com\\\/avatar\\\/c0d3f1c3d66d5c515e02bd9b55ac469c62cef0e75e71c5bdee264742ff3e7908?s=96&d=mm&r=g\",\"caption\":\"Admin\"},\"sameAs\":[\"https:\\\/\\\/www.amsbeck-mt.de\"],\"url\":\"https:\\\/\\\/www.amsbeck-mt.de\\\/es\\\/author\\\/admin\\\/\"}]}<\/script>\n<!-- \/ Yoast SEO plugin. -->","yoast_head_json":{"title":"Diario de la construcci\u00f3n - Amsbeck Maschinentechnik","description":"El diario de construcci\u00f3n de Amsbeck Maschinentechnik GmbH. Ampliaci\u00f3n de nuestra nave de producci\u00f3n para la fabricaci\u00f3n de embragues y frenos centr\u00edfugos.","robots":{"index":"index","follow":"follow","max-snippet":"max-snippet:-1","max-image-preview":"max-image-preview:large","max-video-preview":"max-video-preview:-1"},"canonical":"https:\/\/www.amsbeck-mt.de\/es\/2022\/08\/04\/bautagebuch\/","og_locale":"es_ES","og_type":"article","og_title":"Bautagebuch - Amsbeck Maschinentechnik","og_description":"Das Bautagebuch der Amsbeck Maschinentechnik GmbH. Ausbau unserer Fertigungshalle f\u00fcr die Produktion von Fliehkraftkupplungen- & Bremsen.","og_url":"https:\/\/www.amsbeck-mt.de\/es\/2022\/08\/04\/bautagebuch\/","og_site_name":"Amsbeck Maschinentechnik","article_published_time":"2022-08-04T09:45:27+00:00","article_modified_time":"2026-01-13T13:27:50+00:00","og_image":[{"width":1280,"height":720,"url":"https:\/\/www.amsbeck-mt.de\/wp-content\/uploads\/2022\/02\/Amsbeck-Firmengebaeude-Zwischenstand-min.png","type":"image\/png"}],"author":"Admin","twitter_card":"summary_large_image","twitter_misc":{"Escrito por":"Admin","Tiempo de lectura":"4 minutos"},"schema":{"@context":"https:\/\/schema.org","@graph":[{"@type":"Article","@id":"https:\/\/www.amsbeck-mt.de\/en\/2022\/08\/04\/bautagebuch\/#article","isPartOf":{"@id":"https:\/\/www.amsbeck-mt.de\/en\/2022\/08\/04\/bautagebuch\/"},"author":{"name":"Admin","@id":"https:\/\/www.amsbeck-mt.de\/#\/schema\/person\/68452e192f923aad966373df8e494165"},"headline":"Bautagebuch","datePublished":"2022-08-04T09:45:27+00:00","dateModified":"2026-01-13T13:27:50+00:00","mainEntityOfPage":{"@id":"https:\/\/www.amsbeck-mt.de\/en\/2022\/08\/04\/bautagebuch\/"},"wordCount":157,"image":{"@id":"https:\/\/www.amsbeck-mt.de\/en\/2022\/08\/04\/bautagebuch\/#primaryimage"},"thumbnailUrl":"https:\/\/www.amsbeck-mt.de\/wp-content\/uploads\/2022\/02\/Amsbeck-Firmengebaeude-Zwischenstand-min.png","articleSection":["News"],"inLanguage":"es"},{"@type":"WebPage","@id":"https:\/\/www.amsbeck-mt.de\/en\/2022\/08\/04\/bautagebuch\/","url":"https:\/\/www.amsbeck-mt.de\/en\/2022\/08\/04\/bautagebuch\/","name":"Diario de la construcci\u00f3n - Amsbeck Maschinentechnik","isPartOf":{"@id":"https:\/\/www.amsbeck-mt.de\/#website"},"primaryImageOfPage":{"@id":"https:\/\/www.amsbeck-mt.de\/en\/2022\/08\/04\/bautagebuch\/#primaryimage"},"image":{"@id":"https:\/\/www.amsbeck-mt.de\/en\/2022\/08\/04\/bautagebuch\/#primaryimage"},"thumbnailUrl":"https:\/\/www.amsbeck-mt.de\/wp-content\/uploads\/2022\/02\/Amsbeck-Firmengebaeude-Zwischenstand-min.png","datePublished":"2022-08-04T09:45:27+00:00","dateModified":"2026-01-13T13:27:50+00:00","author":{"@id":"https:\/\/www.amsbeck-mt.de\/#\/schema\/person\/68452e192f923aad966373df8e494165"},"description":"El diario de construcci\u00f3n de Amsbeck Maschinentechnik GmbH. Ampliaci\u00f3n de nuestra nave de producci\u00f3n para la fabricaci\u00f3n de embragues y frenos centr\u00edfugos.","breadcrumb":{"@id":"https:\/\/www.amsbeck-mt.de\/en\/2022\/08\/04\/bautagebuch\/#breadcrumb"},"inLanguage":"es","potentialAction":[{"@type":"ReadAction","target":["https:\/\/www.amsbeck-mt.de\/en\/2022\/08\/04\/bautagebuch\/"]}]},{"@type":"ImageObject","inLanguage":"es","@id":"https:\/\/www.amsbeck-mt.de\/en\/2022\/08\/04\/bautagebuch\/#primaryimage","url":"https:\/\/www.amsbeck-mt.de\/wp-content\/uploads\/2022\/02\/Amsbeck-Firmengebaeude-Zwischenstand-min.png","contentUrl":"https:\/\/www.amsbeck-mt.de\/wp-content\/uploads\/2022\/02\/Amsbeck-Firmengebaeude-Zwischenstand-min.png","width":1280,"height":720,"caption":"Amsbeck Firmengeb\u00e4ude Fortschritt Bestandaufnahme"},{"@type":"BreadcrumbList","@id":"https:\/\/www.amsbeck-mt.de\/en\/2022\/08\/04\/bautagebuch\/#breadcrumb","itemListElement":[{"@type":"ListItem","position":1,"name":"Startseite","item":"https:\/\/www.amsbeck-mt.de\/"},{"@type":"ListItem","position":2,"name":"Bautagebuch"}]},{"@type":"WebSite","@id":"https:\/\/www.amsbeck-mt.de\/#website","url":"https:\/\/www.amsbeck-mt.de\/","name":"Tecnolog\u00eda de maquinaria Amsbeck","description":"Su socio para embragues centr\u00edfugos y frenos centr\u00edfugos","potentialAction":[{"@type":"SearchAction","target":{"@type":"EntryPoint","urlTemplate":"https:\/\/www.amsbeck-mt.de\/?s={search_term_string}"},"query-input":{"@type":"PropertyValueSpecification","valueRequired":true,"valueName":"search_term_string"}}],"inLanguage":"es"},{"@type":"Person","@id":"https:\/\/www.amsbeck-mt.de\/#\/schema\/person\/68452e192f923aad966373df8e494165","name":"Admin","image":{"@type":"ImageObject","inLanguage":"es","@id":"https:\/\/secure.gravatar.com\/avatar\/c0d3f1c3d66d5c515e02bd9b55ac469c62cef0e75e71c5bdee264742ff3e7908?s=96&d=mm&r=g","url":"https:\/\/secure.gravatar.com\/avatar\/c0d3f1c3d66d5c515e02bd9b55ac469c62cef0e75e71c5bdee264742ff3e7908?s=96&d=mm&r=g","contentUrl":"https:\/\/secure.gravatar.com\/avatar\/c0d3f1c3d66d5c515e02bd9b55ac469c62cef0e75e71c5bdee264742ff3e7908?s=96&d=mm&r=g","caption":"Admin"},"sameAs":["https:\/\/www.amsbeck-mt.de"],"url":"https:\/\/www.amsbeck-mt.de\/es\/author\/admin\/"}]}},"brizy_media":[{"id":8401,"url":"https:\/\/www.amsbeck-mt.de\/wp-content\/uploads\/2022\/02\/Amsbeck-Firmengebaeude-Start-min-scaled.jpg","name":"Amsbeck-EdificioEmpresarial-Inicio-min.jpg","meta":{"brizy_attachment_uid":"wp-a53ade6043b6fd46016ac09d64898501.jpg","brizy_post_uid":["b6973fdacde37f6787ac8fb26c1fed8c","8937c24a9f453a59b5532ea54ec079c8","9886616bd48bbbfecf8b9371fd14f542","76b27f1940c8a319f5de8b3fd160e71d"]}},{"id":8402,"url":"https:\/\/www.amsbeck-mt.de\/wp-content\/uploads\/2022\/02\/Amsbeck-Firmengebaeude-min.png","name":"Amsbeck-Firmengebaeude-min.png","meta":{"brizy_attachment_uid":"wp-d7cbbc9b58dbccf5568213a50b646e56.png","brizy_post_uid":["b6973fdacde37f6787ac8fb26c1fed8c","9886616bd48bbbfecf8b9371fd14f542"]}},{"id":8403,"url":"https:\/\/www.amsbeck-mt.de\/wp-content\/uploads\/2022\/02\/Amsbeck-Firmengebaeude-Zwischenstand-min.png","name":"Amsbeck-Firmengebaeude-Zwischenstand-min.png","meta":{"brizy_attachment_uid":"wp-8f74d5a76eb7b98ca7bb462cdb927588.png","brizy_post_uid":["b6973fdacde37f6787ac8fb26c1fed8c","8937c24a9f453a59b5532ea54ec079c8","9886616bd48bbbfecf8b9371fd14f542"]}}],"_links":{"self":[{"href":"https:\/\/www.amsbeck-mt.de\/es\/wp-json\/wp\/v2\/posts\/11411","targetHints":{"allow":["GET"]}}],"collection":[{"href":"https:\/\/www.amsbeck-mt.de\/es\/wp-json\/wp\/v2\/posts"}],"about":[{"href":"https:\/\/www.amsbeck-mt.de\/es\/wp-json\/wp\/v2\/types\/post"}],"author":[{"embeddable":true,"href":"https:\/\/www.amsbeck-mt.de\/es\/wp-json\/wp\/v2\/users\/1"}],"replies":[{"embeddable":true,"href":"https:\/\/www.amsbeck-mt.de\/es\/wp-json\/wp\/v2\/comments?post=11411"}],"version-history":[{"count":11,"href":"https:\/\/www.amsbeck-mt.de\/es\/wp-json\/wp\/v2\/posts\/11411\/revisions"}],"predecessor-version":[{"id":14648,"href":"https:\/\/www.amsbeck-mt.de\/es\/wp-json\/wp\/v2\/posts\/11411\/revisions\/14648"}],"wp:featuredmedia":[{"embeddable":true,"href":"https:\/\/www.amsbeck-mt.de\/es\/wp-json\/wp\/v2\/media\/8403"}],"wp:attachment":[{"href":"https:\/\/www.amsbeck-mt.de\/es\/wp-json\/wp\/v2\/media?parent=11411"}],"wp:term":[{"taxonomy":"category","embeddable":true,"href":"https:\/\/www.amsbeck-mt.de\/es\/wp-json\/wp\/v2\/categories?post=11411"},{"taxonomy":"post_tag","embeddable":true,"href":"https:\/\/www.amsbeck-mt.de\/es\/wp-json\/wp\/v2\/tags?post=11411"}],"curies":[{"name":"wp","href":"https:\/\/api.w.org\/{rel}","templated":true}]}}