{"id":12363,"date":"2022-08-31T14:25:34","date_gmt":"2022-08-31T12:25:34","guid":{"rendered":"https:\/\/www.amsbeck-mt.de\/?p=12363"},"modified":"2026-01-13T14:27:32","modified_gmt":"2026-01-13T13:27:32","slug":"a-team-rockt-34-sassenberger-triathlon","status":"publish","type":"post","link":"https:\/\/www.amsbeck-mt.de\/es\/2022\/08\/31\/a-team-rockt-34-sassenberger-triathlon\/","title":{"rendered":"El Equipo A arrasa en el 34\u00ba Triatl\u00f3n Sassenberg"},"content":{"rendered":"<div class=\"brz-root__container brz-reset-all brz brz-root__container-page\">\n<section id=\"_rbfqqjcznimdzzissgksooqubkbupsdrnkmx\" class=\"brz-section brz-css-bylomj\">\n<div class=\"brz-section__content brz-section--boxed brz-css-1sl1fe1\" data-brz-custom-id=\"rkhmghmaudtwtgcucshzsjujkrehnwbtjftq\">\n<div class=\"brz-container brz-css-5hrnz0\">\n<div class=\"brz-row__container brz-css-1nl7p6o\" data-brz-custom-id=\"hockbuefdlphgrwfrrnkfwoxrbooxjmdaeqc\">\n<div class=\"brz-bg\"><\/div>\n<div class=\"brz-row brz-css-n9abvx brz-css-1dz7x5k\">\n<div class=\"brz-columns brz-css-ehks8m brz-css-1ikcju7\" data-brz-custom-id=\"ssfcukjuazqkksphnugxqcqgjwzejsmlcbct\">\n<div class=\"brz-bg\"><\/div>\n<div class=\"brz-column__items brz-css-ea3elc brz-css-19aisvd\">\n<div id=\"\" class=\"brz-css-e8yp5g brz-css-1vdfd00 brz-wrapper\">\n<div class=\"brz-image brz-css-rn6qx9\" data-brz-custom-id=\"vcpbdkdhgamrnnqbmdbjbpditooocjllichp\"><img decoding=\"async\" class=\"brz-img\" src=\"https:\/\/www.amsbeck-mt.de\/wp-content\/uploads\/brizy\/imgs\/Amsbeck-Fliehkraftkupplungen-Fliehkraftbremsen-Lamellenkupplung-Centrifugal-Clutch-Brake-PTO-Clutch-logo-54x54x0x0x54x53x1724340849.jpg\" alt=\"\" loading=\"lazy\"><\/div>\n<\/div>\n<\/div>\n<\/div>\n<div class=\"brz-columns brz-css-ehks8m brz-css-2zksno\" data-brz-custom-id=\"rvzbampjfoyttwalrmshhvilgypykxrrxnmy\">\n<div class=\"brz-bg\"><\/div>\n<div class=\"brz-column__items brz-css-ea3elc brz-css-1eov7an\">\n<div id=\"\" class=\"brz-css-e8yp5g brz-wrapper\">\n<div class=\"brz-rich-text brz-rich-text__custom brz-css-1dc1nxv\" data-brz-custom-id=\"vjabshkwcleugdxcgrftuialzparsnpfceon\">\n<div data-brz-translate-text=\"1\">\n<h1 class=\"brz-text-lg-left brz-tp-lg-heading1 brz-tp-xs-heading2 brz-css-ez9Nb\" data-generated-css=\"brz-css-gnnbn\" data-uniq-id=\"xvdmz\"><span class=\"brz-cp-color6\">-El equipo rockea en el 34\u00ba Triatl\u00f3n de Sassenberg<\/span><\/h1>\n<\/div>\n<\/div>\n<\/div>\n<\/div>\n<\/div>\n<\/div>\n<\/div>\n<div id=\"\" class=\"brz-css-e8yp5g brz-css-n7bzin brz-css-nigc1g brz-wrapper\">\n<div class=\"brz-spacer brz-css-602rk0 brz-css-1bsrub7\"><\/div>\n<\/div>\n<div class=\"brz-row__container brz-css-1nl7p6o\" data-brz-custom-id=\"vsfyxidmsryjcuggntdnxxpmydlrmzxhfsbb\">\n<div class=\"brz-bg\"><\/div>\n<div class=\"brz-row brz-css-n9abvx brz-css-1dz7x5k\">\n<div class=\"brz-columns brz-css-ehks8m brz-css-1rzxz8i\" data-brz-custom-id=\"ymowddlgpezkittsibqnxdecnbrliullmpfp\">\n<div class=\"brz-bg\"><\/div>\n<div class=\"brz-column__items brz-css-ea3elc brz-css-1jyjlac\">\n<div id=\"\" class=\"brz-css-e8yp5g brz-wrapper\">\n<div class=\"brz-image brz-css-c8e2fh\" data-brz-custom-id=\"yhrvqqucovaablmkkztjmdbbqkocqonbjtrz\"><img decoding=\"async\" class=\"brz-img\" src=\"https:\/\/www.amsbeck-mt.de\/wp-content\/uploads\/brizy\/imgs\/Schuhe-1170x585x0x20x1170x544x1724340850.jpg\" alt=\"\" loading=\"lazy\"><\/div>\n<\/div>\n<\/div>\n<\/div>\n<\/div>\n<\/div>\n<div id=\"\" class=\"brz-css-e8yp5g brz-wrapper\">\n<div class=\"brz-rich-text brz-rich-text__custom brz-css-1dc1nxv\" data-brz-custom-id=\"mrzaklhejnaootfvunmzbrajrglycaqvotqj\">\n<div data-brz-translate-text=\"1\">\n<p class=\"brz-tp-lg-paragraph brz-css-l31Rt\" data-generated-css=\"brz-css-mlbtl\" data-uniq-id=\"nprsv\"><span class=\"brz-cp-color7\">El 7 de agosto de 2022, nuestros colegas Thomas Leutner, Igor Visnjevski y Malte Smotzok participaron en el 34\u00ba Triatl\u00f3n de Sassenberg con un tiempo perfecto. Equipados con camisetas de equipo, el tr\u00edo comenz\u00f3 la carrera de relevos a las 11:00 horas. <\/span><\/p>\n<p class=\"brz-tp-lg-paragraph brz-css-gbqe_\" data-generated-css=\"brz-css-mlbtl\" data-uniq-id=\"nprsv\"><span class=\"brz-cp-color7\"> <\/span><\/p>\n<p class=\"brz-tp-lg-paragraph brz-css-hHjOl\" data-generated-css=\"brz-css-ouqgr\" data-uniq-id=\"ilwee\"><span class=\"brz-cp-color7\">Thomas Leutner cubri\u00f3 la distancia de 700 m de nataci\u00f3n en el Sassenberger Feldmarksee en s\u00f3lo 10:39 min, lo que le da una muy buena ventaja. El testigo pas\u00f3 a Igor Visnjevski, que complet\u00f3 los 23 km de ciclismo bajo un calor cada vez m\u00e1s intenso. En el sprint final, Malte Smotzok complet\u00f3 los 5 km de carrera a pie en 28:15 min. <\/span><\/p>\n<p class=\"brz-tp-lg-paragraph brz-css-o_UUU\" data-generated-css=\"brz-css-ouqgr\" data-uniq-id=\"ilwee\"><span class=\"brz-cp-color7\"> <\/span><\/p>\n<p class=\"brz-tp-lg-paragraph brz-css-rJKLI\" data-generated-css=\"brz-css-spmpo\" data-uniq-id=\"pjqfl\"><span class=\"brz-cp-color7\">Al final, el resultado fue muy divertido y un honroso 12\u00ba puesto de un total de 30 equipos participantes. <\/span><\/p>\n<\/div>\n<\/div>\n<\/div>\n<div id=\"\" class=\"brz-css-e8yp5g brz-css-n7bzin brz-wrapper\">\n<div class=\"brz-spacer brz-css-602rk0 brz-css-1m4z666\"><\/div>\n<\/div>\n<div id=\"\" class=\"brz-css-e8yp5g brz-css-1774pta brz-wrapper\">\n<div class=\"brz-line brz-line-default brz-css-1yk36md brz-css-14t8b3k\" data-brz-custom-id=\"sqefoynismtdgckokstflnjengtxhqfswxmo\">\n<hr class=\"brz-hr\"><\/div>\n<\/div>\n<div class=\"brz-row__container brz-css-1nl7p6o\" data-brz-custom-id=\"xivvoyzmkuewznkinogqvfkndjnavcnmdnkw\">\n<div class=\"brz-bg\"><\/div>\n<div class=\"brz-row brz-css-n9abvx brz-css-1dz7x5k\">\n<div class=\"brz-columns brz-css-ehks8m brz-css-olyrt1\" data-brz-custom-id=\"bbxkbcvhbkeckbhezytamxfsyflurzknrrrs\">\n<div class=\"brz-bg\"><\/div>\n<div class=\"brz-column__items brz-css-ea3elc brz-css-1o5ivu4\">\n<div id=\"\" class=\"brz-css-e8yp5g brz-css-74saux brz-wrapper\">\n<div class=\"brz-rich-text brz-rich-text__custom brz-css-1dc1nxv\" data-brz-custom-id=\"shvosoaxywiwrqtdjhrvaoxloytmjjqjmhop\">\n<div data-brz-translate-text=\"1\">\n<p data-generated-css=\"brz-css-ckrsy\" data-uniq-id=\"owyee\" class=\"brz-tp-lg-heading4 brz-bcp-color6 brz-text-lg-right brz-css-vnWFu\"><span class=\"brz-cp-color6\">Estamos orgullosos de <\/span><\/p>\n<\/div>\n<\/div>\n<\/div>\n<\/div>\n<\/div>\n<div class=\"brz-columns brz-css-ehks8m brz-css-18xi5h\" data-brz-custom-id=\"yogmorssswungdrqpdmefjirtjgqczrwylbh\">\n<div class=\"brz-bg\"><\/div>\n<div class=\"brz-column__items brz-css-ea3elc brz-css-1ovm5ox\">\n<div id=\"\" class=\"brz-css-e8yp5g brz-css-1kiefwe brz-wrapper\">\n<div class=\"brz-image brz-css-30nzp7\" data-brz-custom-id=\"aowfmkujjqlstlduglnmyqvwtmyoikmlpsdi\"><img decoding=\"async\" class=\"brz-img\" src=\"https:\/\/www.amsbeck-mt.de\/wp-content\/uploads\/brizy\/imgs\/Amsbeck-Fliehkraftkupplungen-Fliehkraftbremsen-Lamellenkupplung-Centrifugal-Clutch-Brake-PTO-Clutch-logo-31x31x0x0x31x31x1724340849.jpg\" alt=\"\" loading=\"lazy\"><\/div>\n<\/div>\n<\/div>\n<\/div>\n<div class=\"brz-columns brz-css-ehks8m brz-css-1732we0\" data-brz-custom-id=\"pwfevytxiswyyruzwgxjyeopjjqfvraqnvjn\">\n<div class=\"brz-bg\"><\/div>\n<div class=\"brz-column__items brz-css-ea3elc brz-css-1oj1ec1\">\n<div id=\"\" class=\"brz-css-e8yp5g brz-css-eg988h brz-wrapper\">\n<div class=\"brz-rich-text brz-rich-text__custom brz-css-1dc1nxv\" data-brz-custom-id=\"aggasmthfwvaxmiujhjejyogarrnvjgrprps\">\n<div data-brz-translate-text=\"1\">\n<h4 class=\"brz-tp-lg-heading4 brz-text-lg-left brz-css-nWMax\" data-generated-css=\"brz-css-jqwdg\" data-uniq-id=\"oumnw\"><span class=\"brz-cp-color6\">-Equipo<\/span><\/h4>\n<\/div>\n<\/div>\n<\/div>\n<\/div>\n<\/div>\n<\/div>\n<\/div>\n<div id=\"\" class=\"brz-css-e8yp5g brz-css-qik3y5 brz-wrapper\">\n<div class=\"brz-rich-text brz-rich-text__custom brz-css-1dc1nxv\" data-brz-custom-id=\"jwrsmbjoqtcjnhlhsjymaexfoincxugradbz\">\n<div data-brz-translate-text=\"1\">\n<h4 data-generated-css=\"brz-css-ypufo\" data-uniq-id=\"hrzav\" class=\"brz-text-lg-center brz-tp-lg-heading4 brz-css-x3xD1\"><span class=\"brz-cp-color6\">y ya est\u00e1n deseando participar el a\u00f1o que viene.<\/span><\/h4>\n<\/div>\n<\/div>\n<\/div>\n<div id=\"\" class=\"brz-css-e8yp5g brz-css-1ofk5ng brz-wrapper\">\n<div class=\"brz-line brz-line-default brz-css-1yk36md brz-css-1fnvyex\" data-brz-custom-id=\"wkdzwrnakjttcarhhwixluebgbhfxfwzrhxk\">\n<hr class=\"brz-hr\"><\/div>\n<\/div>\n<div id=\"\" class=\"brz-css-e8yp5g brz-css-n7bzin brz-wrapper\">\n<div class=\"brz-spacer brz-css-602rk0 brz-css-1c6zpql\"><\/div>\n<\/div>\n<div class=\"brz-row__container brz-css-1nl7p6o\" data-brz-custom-id=\"xhngczhxwnqbpdumdkxhdoutmnxoiwfhrvfq\">\n<div class=\"brz-bg\"><\/div>\n<div class=\"brz-row brz-css-n9abvx brz-css-1dz7x5k\">\n<div class=\"brz-columns brz-css-ehks8m brz-css-10p75lm\" data-brz-custom-id=\"zgxlzposyklvohvdcwtqaanrkrgcoweuiptj\">\n<div class=\"brz-bg\"><\/div>\n<div class=\"brz-column__items brz-css-ea3elc brz-css-8yc5os\">\n<div id=\"\" class=\"brz-css-e8yp5g brz-wrapper\">\n<div class=\"brz-image brz-css-1oy4p9d\" data-brz-custom-id=\"nlpxlveocicanpacrmwtxpbijwzzffkfadda\"><img decoding=\"async\" class=\"brz-img\" src=\"https:\/\/www.amsbeck-mt.de\/wp-content\/uploads\/brizy\/imgs\/Schwimmen-1040x1387x0x173x1040x1040x1724340850.jpg\" alt=\"\" loading=\"lazy\"><\/div>\n<\/div>\n<\/div>\n<\/div>\n<div class=\"brz-columns brz-css-ehks8m brz-css-skj2xd\" data-brz-custom-id=\"mwfqgdoolkyuyjrciolxtwyanmugbwklbnnn\">\n<div class=\"brz-bg\"><\/div>\n<div class=\"brz-column__items brz-css-ea3elc brz-css-erszsw\">\n<div id=\"\" class=\"brz-css-e8yp5g brz-wrapper\">\n<div class=\"brz-image brz-css-o17ai\" data-brz-custom-id=\"jqbgnkxlrlnyuvoofhnddhjvymoflhfofuij\"><img decoding=\"async\" class=\"brz-img\" src=\"https:\/\/www.amsbeck-mt.de\/wp-content\/uploads\/brizy\/imgs\/Team-1040x1387x0x298x1040x1040x1724340850.jpg\" alt=\"\" loading=\"lazy\"><\/div>\n<\/div>\n<\/div>\n<\/div>\n<\/div>\n<\/div>\n<div class=\"brz-row__container brz-css-1nl7p6o\" data-brz-custom-id=\"vzncjnwlecjsqjsodwgmqsvdzgcrjbbaxnxa\">\n<div class=\"brz-bg\"><\/div>\n<div class=\"brz-row brz-css-n9abvx brz-css-1dz7x5k\">\n<div class=\"brz-columns brz-css-ehks8m brz-css-132eml\" data-brz-custom-id=\"memjssygscntnbzswudemmdgtbturcitmehh\">\n<div class=\"brz-bg\"><\/div>\n<div class=\"brz-column__items brz-css-ea3elc\">\n<div class=\"brz-row__container brz-css-1nl7p6o\" data-brz-custom-id=\"sknpoqetfgqxnjqksblimjjkwwabvnutklbp\">\n<div class=\"brz-bg\"><\/div>\n<div class=\"brz-row brz-row--inner brz-css-n9abvx brz-css-1dz7x5k\">\n<div class=\"brz-columns brz-css-ehks8m brz-css-1uxcrlt\" data-brz-custom-id=\"pfvbzyemmnbdlmjuhfffgpakpkvaunqowaby\">\n<div class=\"brz-bg\"><\/div>\n<div class=\"brz-column__items brz-css-ea3elc brz-css-1g40ifw\">\n<div id=\"\" class=\"brz-css-e8yp5g brz-css-n7bzin brz-css-lt5o56 brz-wrapper\">\n<div class=\"brz-spacer brz-css-602rk0 brz-css-rkuxl\"><\/div>\n<\/div>\n<div id=\"\" class=\"brz-css-e8yp5g brz-css-mv8hm6 brz-wrapper\">\n<div class=\"brz-line brz-line-default brz-css-1yk36md brz-css-16vspnt\" data-brz-custom-id=\"opvisaavnsympmctwydpyylekgfujsmvcgae\">\n<hr class=\"brz-hr\"><\/div>\n<\/div>\n<div class=\"brz-wrapper-clone brz-css-19m61qa\">\n<div class=\"brz-d-xs-flex brz-flex-xs-wrap brz-css-gv2tsn brz-css-1k8w1zo\" data-brz-custom-id=\"\">\n<div class=\"brz-wrapper-clone__item\" id=\"cwgmxxlxgneycbnvkgyiqzrkcrdbnngfokym\"><a class=\"brz-a brz-btn brz-css-85aiy1 brz-css-1wp4j72 brz-css-ik4ce7 brz-css-h8m8fa\" href=\"https:\/\/www.facebook.com\/\" target=\"_self\" rel=\"noopener\" data-brz-link-type=\"external\" data-brz-custom-id=\"cwgmxxlxgneycbnvkgyiqzrkcrdbnngfokym\"><span data-brz-translate-text=\"1\" class=\"brz-span brz-text__editor\">COMPARTIR<\/span><\/a><\/div>\n<div class=\"brz-wrapper-clone__item\" id=\"mhnaazzmfqmowxniiaijjjbagdlaucagszfe\"><a class=\"brz-a brz-btn brz-css-85aiy1 brz-css-ax50pr brz-css-ik4ce7 brz-css-1qfenqd\" href=\"https:\/\/www.linkedin.com\/\" target=\"_self\" rel=\"noopener\" data-brz-link-type=\"external\" data-brz-custom-id=\"mhnaazzmfqmowxniiaijjjbagdlaucagszfe\"><span data-brz-translate-text=\"1\" class=\"brz-span brz-text__editor\">COMPARTIR<\/span><\/a><\/div>\n<div class=\"brz-wrapper-clone__item\" id=\"ngrzsfjezygzsqxhycizguogchtjjohavtbl\"><a class=\"brz-a brz-btn brz-css-85aiy1 brz-css-13j3bje brz-css-ik4ce7 brz-css-1cgp68g\" href=\"https:\/\/www.youtube.com\/\" target=\"_self\" rel=\"noopener\" data-brz-link-type=\"external\" data-brz-custom-id=\"ngrzsfjezygzsqxhycizguogchtjjohavtbl\"><span data-brz-translate-text=\"1\" class=\"brz-span brz-text__editor\">COMPARTIR<\/span><\/a><\/div>\n<\/div>\n<\/div>\n<\/div>\n<\/div>\n<\/div>\n<\/div>\n<\/div>\n<\/div>\n<\/div>\n<\/div>\n<\/div>\n<\/div>\n<\/section>\n<\/div>\n<p>    <!-- version:1737975168 --><\/p>","protected":false},"excerpt":{"rendered":"<p>El 7 de agosto de 2022, nuestros colegas Thomas Leutner, Igor Visnjevski y Malte Smotzok participaron en el 34\u00ba Triatl\u00f3n de Sassenberg con un tiempo perfecto. Equipados con camisetas de equipo, el tr\u00edo comenz\u00f3 la carrera de relevos a las 11:00 horas. <\/p>","protected":false},"author":1,"featured_media":12143,"comment_status":"closed","ping_status":"open","sticky":false,"template":"brizy-blank-template.php","format":"standard","meta":{"footnotes":""},"categories":[26],"tags":[],"class_list":["post-12363","post","type-post","status-publish","format-standard","has-post-thumbnail","hentry","category-inside","entry"],"yoast_head":"<!-- This site is optimized with the Yoast SEO plugin v27.5 - https:\/\/yoast.com\/product\/yoast-seo-wordpress\/ -->\n<title>A-Team rockt 34. Sassenberger Triathlon - Amsbeck Maschinentechnik<\/title>\n<meta name=\"description\" content=\"Am 7. August 2022 nahmen unsere Kollegen am 34. Sassenberger Triathlon teil. Ausgestattet mit Teamshirts startete das Trio um 11:00 Uhr in den Staffelwettkampf.\" \/>\n<meta name=\"robots\" content=\"index, follow, max-snippet:-1, max-image-preview:large, max-video-preview:-1\" \/>\n<link rel=\"canonical\" href=\"https:\/\/www.amsbeck-mt.de\/es\/2022\/08\/31\/a-team-rockt-34-sassenberger-triathlon\/\" \/>\n<meta property=\"og:locale\" content=\"es_ES\" \/>\n<meta property=\"og:type\" content=\"article\" \/>\n<meta property=\"og:title\" content=\"A-Team rockt 34. Sassenberger Triathlon - Amsbeck Maschinentechnik\" \/>\n<meta property=\"og:description\" content=\"Am 7. August 2022 nahmen unsere Kollegen am 34. Sassenberger Triathlon teil. Ausgestattet mit Teamshirts startete das Trio um 11:00 Uhr in den Staffelwettkampf.\" \/>\n<meta property=\"og:url\" content=\"https:\/\/www.amsbeck-mt.de\/es\/2022\/08\/31\/a-team-rockt-34-sassenberger-triathlon\/\" \/>\n<meta property=\"og:site_name\" content=\"Amsbeck Maschinentechnik\" \/>\n<meta property=\"article:published_time\" content=\"2022-08-31T12:25:34+00:00\" \/>\n<meta property=\"article:modified_time\" content=\"2026-01-13T13:27:32+00:00\" \/>\n<meta property=\"og:image\" content=\"https:\/\/www.amsbeck-mt.de\/wp-content\/uploads\/2022\/08\/Team.jpg\" \/>\n\t<meta property=\"og:image:width\" content=\"816\" \/>\n\t<meta property=\"og:image:height\" content=\"1088\" \/>\n\t<meta property=\"og:image:type\" content=\"image\/jpeg\" \/>\n<meta name=\"author\" content=\"Admin\" \/>\n<meta name=\"twitter:card\" content=\"summary_large_image\" \/>\n<meta name=\"twitter:label1\" content=\"Escrito por\" \/>\n\t<meta name=\"twitter:data1\" content=\"Admin\" \/>\n\t<meta name=\"twitter:label2\" content=\"Tiempo de lectura\" \/>\n\t<meta name=\"twitter:data2\" content=\"4 minutos\" \/>\n<script type=\"application\/ld+json\" class=\"yoast-schema-graph\">{\"@context\":\"https:\\\/\\\/schema.org\",\"@graph\":[{\"@type\":\"Article\",\"@id\":\"https:\\\/\\\/www.amsbeck-mt.de\\\/en\\\/2022\\\/08\\\/31\\\/a-team-rockt-34-sassenberger-triathlon\\\/#article\",\"isPartOf\":{\"@id\":\"https:\\\/\\\/www.amsbeck-mt.de\\\/en\\\/2022\\\/08\\\/31\\\/a-team-rockt-34-sassenberger-triathlon\\\/\"},\"author\":{\"name\":\"Admin\",\"@id\":\"https:\\\/\\\/www.amsbeck-mt.de\\\/#\\\/schema\\\/person\\\/68452e192f923aad966373df8e494165\"},\"headline\":\"A-Team rockt 34. Sassenberger Triathlon\",\"datePublished\":\"2022-08-31T12:25:34+00:00\",\"dateModified\":\"2026-01-13T13:27:32+00:00\",\"mainEntityOfPage\":{\"@id\":\"https:\\\/\\\/www.amsbeck-mt.de\\\/en\\\/2022\\\/08\\\/31\\\/a-team-rockt-34-sassenberger-triathlon\\\/\"},\"wordCount\":125,\"image\":{\"@id\":\"https:\\\/\\\/www.amsbeck-mt.de\\\/en\\\/2022\\\/08\\\/31\\\/a-team-rockt-34-sassenberger-triathlon\\\/#primaryimage\"},\"thumbnailUrl\":\"https:\\\/\\\/www.amsbeck-mt.de\\\/wp-content\\\/uploads\\\/2022\\\/08\\\/Team.jpg\",\"articleSection\":[\"Inside\"],\"inLanguage\":\"es\"},{\"@type\":\"WebPage\",\"@id\":\"https:\\\/\\\/www.amsbeck-mt.de\\\/en\\\/2022\\\/08\\\/31\\\/a-team-rockt-34-sassenberger-triathlon\\\/\",\"url\":\"https:\\\/\\\/www.amsbeck-mt.de\\\/en\\\/2022\\\/08\\\/31\\\/a-team-rockt-34-sassenberger-triathlon\\\/\",\"name\":\"A-Team rockt 34. Sassenberger Triathlon - Amsbeck Maschinentechnik\",\"isPartOf\":{\"@id\":\"https:\\\/\\\/www.amsbeck-mt.de\\\/#website\"},\"primaryImageOfPage\":{\"@id\":\"https:\\\/\\\/www.amsbeck-mt.de\\\/en\\\/2022\\\/08\\\/31\\\/a-team-rockt-34-sassenberger-triathlon\\\/#primaryimage\"},\"image\":{\"@id\":\"https:\\\/\\\/www.amsbeck-mt.de\\\/en\\\/2022\\\/08\\\/31\\\/a-team-rockt-34-sassenberger-triathlon\\\/#primaryimage\"},\"thumbnailUrl\":\"https:\\\/\\\/www.amsbeck-mt.de\\\/wp-content\\\/uploads\\\/2022\\\/08\\\/Team.jpg\",\"datePublished\":\"2022-08-31T12:25:34+00:00\",\"dateModified\":\"2026-01-13T13:27:32+00:00\",\"author\":{\"@id\":\"https:\\\/\\\/www.amsbeck-mt.de\\\/#\\\/schema\\\/person\\\/68452e192f923aad966373df8e494165\"},\"description\":\"Am 7. August 2022 nahmen unsere Kollegen am 34. Sassenberger Triathlon teil. Ausgestattet mit Teamshirts startete das Trio um 11:00 Uhr in den Staffelwettkampf.\",\"breadcrumb\":{\"@id\":\"https:\\\/\\\/www.amsbeck-mt.de\\\/en\\\/2022\\\/08\\\/31\\\/a-team-rockt-34-sassenberger-triathlon\\\/#breadcrumb\"},\"inLanguage\":\"es\",\"potentialAction\":[{\"@type\":\"ReadAction\",\"target\":[\"https:\\\/\\\/www.amsbeck-mt.de\\\/en\\\/2022\\\/08\\\/31\\\/a-team-rockt-34-sassenberger-triathlon\\\/\"]}]},{\"@type\":\"ImageObject\",\"inLanguage\":\"es\",\"@id\":\"https:\\\/\\\/www.amsbeck-mt.de\\\/en\\\/2022\\\/08\\\/31\\\/a-team-rockt-34-sassenberger-triathlon\\\/#primaryimage\",\"url\":\"https:\\\/\\\/www.amsbeck-mt.de\\\/wp-content\\\/uploads\\\/2022\\\/08\\\/Team.jpg\",\"contentUrl\":\"https:\\\/\\\/www.amsbeck-mt.de\\\/wp-content\\\/uploads\\\/2022\\\/08\\\/Team.jpg\",\"width\":816,\"height\":1088},{\"@type\":\"BreadcrumbList\",\"@id\":\"https:\\\/\\\/www.amsbeck-mt.de\\\/en\\\/2022\\\/08\\\/31\\\/a-team-rockt-34-sassenberger-triathlon\\\/#breadcrumb\",\"itemListElement\":[{\"@type\":\"ListItem\",\"position\":1,\"name\":\"Startseite\",\"item\":\"https:\\\/\\\/www.amsbeck-mt.de\\\/\"},{\"@type\":\"ListItem\",\"position\":2,\"name\":\"A-Team rockt 34. Sassenberger Triathlon\"}]},{\"@type\":\"WebSite\",\"@id\":\"https:\\\/\\\/www.amsbeck-mt.de\\\/#website\",\"url\":\"https:\\\/\\\/www.amsbeck-mt.de\\\/\",\"name\":\"Amsbeck Maschinentechnik\",\"description\":\"Ihr Partner rund um Fliehkraftkupplungen und Fliehkraftbremsen\",\"potentialAction\":[{\"@type\":\"SearchAction\",\"target\":{\"@type\":\"EntryPoint\",\"urlTemplate\":\"https:\\\/\\\/www.amsbeck-mt.de\\\/?s={search_term_string}\"},\"query-input\":{\"@type\":\"PropertyValueSpecification\",\"valueRequired\":true,\"valueName\":\"search_term_string\"}}],\"inLanguage\":\"es\"},{\"@type\":\"Person\",\"@id\":\"https:\\\/\\\/www.amsbeck-mt.de\\\/#\\\/schema\\\/person\\\/68452e192f923aad966373df8e494165\",\"name\":\"Admin\",\"image\":{\"@type\":\"ImageObject\",\"inLanguage\":\"es\",\"@id\":\"https:\\\/\\\/secure.gravatar.com\\\/avatar\\\/c0d3f1c3d66d5c515e02bd9b55ac469c62cef0e75e71c5bdee264742ff3e7908?s=96&d=mm&r=g\",\"url\":\"https:\\\/\\\/secure.gravatar.com\\\/avatar\\\/c0d3f1c3d66d5c515e02bd9b55ac469c62cef0e75e71c5bdee264742ff3e7908?s=96&d=mm&r=g\",\"contentUrl\":\"https:\\\/\\\/secure.gravatar.com\\\/avatar\\\/c0d3f1c3d66d5c515e02bd9b55ac469c62cef0e75e71c5bdee264742ff3e7908?s=96&d=mm&r=g\",\"caption\":\"Admin\"},\"sameAs\":[\"https:\\\/\\\/www.amsbeck-mt.de\"],\"url\":\"https:\\\/\\\/www.amsbeck-mt.de\\\/es\\\/author\\\/admin\\\/\"}]}<\/script>\n<!-- \/ Yoast SEO plugin. -->","yoast_head_json":{"title":"El Equipo A arrasa en el 34\u00ba Triatl\u00f3n de Sassenberg - Amsbeck Maschinentechnik","description":"El 7 de agosto de 2022, nuestros colegas participaron en el 34\u00ba Triatl\u00f3n de Sassenberg. Equipados con camisetas de equipo, el tr\u00edo comenz\u00f3 la competici\u00f3n de relevos a las 11:00 horas.","robots":{"index":"index","follow":"follow","max-snippet":"max-snippet:-1","max-image-preview":"max-image-preview:large","max-video-preview":"max-video-preview:-1"},"canonical":"https:\/\/www.amsbeck-mt.de\/es\/2022\/08\/31\/a-team-rockt-34-sassenberger-triathlon\/","og_locale":"es_ES","og_type":"article","og_title":"A-Team rockt 34. Sassenberger Triathlon - Amsbeck Maschinentechnik","og_description":"Am 7. August 2022 nahmen unsere Kollegen am 34. Sassenberger Triathlon teil. Ausgestattet mit Teamshirts startete das Trio um 11:00 Uhr in den Staffelwettkampf.","og_url":"https:\/\/www.amsbeck-mt.de\/es\/2022\/08\/31\/a-team-rockt-34-sassenberger-triathlon\/","og_site_name":"Amsbeck Maschinentechnik","article_published_time":"2022-08-31T12:25:34+00:00","article_modified_time":"2026-01-13T13:27:32+00:00","og_image":[{"width":816,"height":1088,"url":"https:\/\/www.amsbeck-mt.de\/wp-content\/uploads\/2022\/08\/Team.jpg","type":"image\/jpeg"}],"author":"Admin","twitter_card":"summary_large_image","twitter_misc":{"Escrito por":"Admin","Tiempo de lectura":"4 minutos"},"schema":{"@context":"https:\/\/schema.org","@graph":[{"@type":"Article","@id":"https:\/\/www.amsbeck-mt.de\/en\/2022\/08\/31\/a-team-rockt-34-sassenberger-triathlon\/#article","isPartOf":{"@id":"https:\/\/www.amsbeck-mt.de\/en\/2022\/08\/31\/a-team-rockt-34-sassenberger-triathlon\/"},"author":{"name":"Admin","@id":"https:\/\/www.amsbeck-mt.de\/#\/schema\/person\/68452e192f923aad966373df8e494165"},"headline":"A-Team rockt 34. Sassenberger Triathlon","datePublished":"2022-08-31T12:25:34+00:00","dateModified":"2026-01-13T13:27:32+00:00","mainEntityOfPage":{"@id":"https:\/\/www.amsbeck-mt.de\/en\/2022\/08\/31\/a-team-rockt-34-sassenberger-triathlon\/"},"wordCount":125,"image":{"@id":"https:\/\/www.amsbeck-mt.de\/en\/2022\/08\/31\/a-team-rockt-34-sassenberger-triathlon\/#primaryimage"},"thumbnailUrl":"https:\/\/www.amsbeck-mt.de\/wp-content\/uploads\/2022\/08\/Team.jpg","articleSection":["Inside"],"inLanguage":"es"},{"@type":"WebPage","@id":"https:\/\/www.amsbeck-mt.de\/en\/2022\/08\/31\/a-team-rockt-34-sassenberger-triathlon\/","url":"https:\/\/www.amsbeck-mt.de\/en\/2022\/08\/31\/a-team-rockt-34-sassenberger-triathlon\/","name":"El Equipo A arrasa en el 34\u00ba Triatl\u00f3n de Sassenberg - Amsbeck Maschinentechnik","isPartOf":{"@id":"https:\/\/www.amsbeck-mt.de\/#website"},"primaryImageOfPage":{"@id":"https:\/\/www.amsbeck-mt.de\/en\/2022\/08\/31\/a-team-rockt-34-sassenberger-triathlon\/#primaryimage"},"image":{"@id":"https:\/\/www.amsbeck-mt.de\/en\/2022\/08\/31\/a-team-rockt-34-sassenberger-triathlon\/#primaryimage"},"thumbnailUrl":"https:\/\/www.amsbeck-mt.de\/wp-content\/uploads\/2022\/08\/Team.jpg","datePublished":"2022-08-31T12:25:34+00:00","dateModified":"2026-01-13T13:27:32+00:00","author":{"@id":"https:\/\/www.amsbeck-mt.de\/#\/schema\/person\/68452e192f923aad966373df8e494165"},"description":"El 7 de agosto de 2022, nuestros colegas participaron en el 34\u00ba Triatl\u00f3n de Sassenberg. Equipados con camisetas de equipo, el tr\u00edo comenz\u00f3 la competici\u00f3n de relevos a las 11:00 horas.","breadcrumb":{"@id":"https:\/\/www.amsbeck-mt.de\/en\/2022\/08\/31\/a-team-rockt-34-sassenberger-triathlon\/#breadcrumb"},"inLanguage":"es","potentialAction":[{"@type":"ReadAction","target":["https:\/\/www.amsbeck-mt.de\/en\/2022\/08\/31\/a-team-rockt-34-sassenberger-triathlon\/"]}]},{"@type":"ImageObject","inLanguage":"es","@id":"https:\/\/www.amsbeck-mt.de\/en\/2022\/08\/31\/a-team-rockt-34-sassenberger-triathlon\/#primaryimage","url":"https:\/\/www.amsbeck-mt.de\/wp-content\/uploads\/2022\/08\/Team.jpg","contentUrl":"https:\/\/www.amsbeck-mt.de\/wp-content\/uploads\/2022\/08\/Team.jpg","width":816,"height":1088},{"@type":"BreadcrumbList","@id":"https:\/\/www.amsbeck-mt.de\/en\/2022\/08\/31\/a-team-rockt-34-sassenberger-triathlon\/#breadcrumb","itemListElement":[{"@type":"ListItem","position":1,"name":"Startseite","item":"https:\/\/www.amsbeck-mt.de\/"},{"@type":"ListItem","position":2,"name":"A-Team rockt 34. Sassenberger Triathlon"}]},{"@type":"WebSite","@id":"https:\/\/www.amsbeck-mt.de\/#website","url":"https:\/\/www.amsbeck-mt.de\/","name":"Tecnolog\u00eda de maquinaria Amsbeck","description":"Su socio para embragues centr\u00edfugos y frenos centr\u00edfugos","potentialAction":[{"@type":"SearchAction","target":{"@type":"EntryPoint","urlTemplate":"https:\/\/www.amsbeck-mt.de\/?s={search_term_string}"},"query-input":{"@type":"PropertyValueSpecification","valueRequired":true,"valueName":"search_term_string"}}],"inLanguage":"es"},{"@type":"Person","@id":"https:\/\/www.amsbeck-mt.de\/#\/schema\/person\/68452e192f923aad966373df8e494165","name":"Admin","image":{"@type":"ImageObject","inLanguage":"es","@id":"https:\/\/secure.gravatar.com\/avatar\/c0d3f1c3d66d5c515e02bd9b55ac469c62cef0e75e71c5bdee264742ff3e7908?s=96&d=mm&r=g","url":"https:\/\/secure.gravatar.com\/avatar\/c0d3f1c3d66d5c515e02bd9b55ac469c62cef0e75e71c5bdee264742ff3e7908?s=96&d=mm&r=g","contentUrl":"https:\/\/secure.gravatar.com\/avatar\/c0d3f1c3d66d5c515e02bd9b55ac469c62cef0e75e71c5bdee264742ff3e7908?s=96&d=mm&r=g","caption":"Admin"},"sameAs":["https:\/\/www.amsbeck-mt.de"],"url":"https:\/\/www.amsbeck-mt.de\/es\/author\/admin\/"}]}},"brizy_media":[{"id":522,"url":"https:\/\/www.amsbeck-mt.de\/wp-content\/uploads\/2021\/12\/Amsbeck-Fliehkraftkupplungen-Fliehkraftbremsen-Lamellenkupplung-Centrifugal-Clutch-Brake-PTO-Clutch-logo.jpg","name":"Amsbeck-Fliehkraftkupplungen-Fliehkraftbremsen-Lamellenkupplung-Centrifugal-Clutch-Brake-PTO-Clutch-logo.jpg","meta":{"brizy_attachment_uid":"wp-af2f03ce7605e34b669090943b764c64.jpg","brizy_post_uid":["6ef546193d5bdfe808f7f1de9e30bdbe","33c2946ca61ee05f8c8389aa9bf958f1","b954854e085795ded2836b7a26104488"]}},{"id":12031,"url":"https:\/\/www.amsbeck-mt.de\/wp-content\/uploads\/2022\/08\/Fliehkraftbremse_Blog.jpg","name":"Freno centr\u00edfugo_Blog.jpg","meta":{"brizy_attachment_uid":"wp-3813c3e853961ea06835ce267ab12d92.jpg","brizy_post_uid":["b954854e085795ded2836b7a26104488","76b27f1940c8a319f5de8b3fd160e71d"]}},{"id":12143,"url":"https:\/\/www.amsbeck-mt.de\/wp-content\/uploads\/2022\/08\/Team.jpg","name":"Equipo.jpg","meta":{"brizy_attachment_uid":"wp-702d8ad0b5d52c2d27a792cced614559.jpg","brizy_post_uid":["76b27f1940c8a319f5de8b3fd160e71d","b954854e085795ded2836b7a26104488"]}},{"id":12148,"url":"https:\/\/www.amsbeck-mt.de\/wp-content\/uploads\/2022\/08\/Schuhe.jpg","name":"Schuhe.jpg","meta":{"brizy_attachment_uid":"wp-d1e71aa4fc793397f106cec3c727417a.jpg","brizy_post_uid":["6ef546193d5bdfe808f7f1de9e30bdbe","b954854e085795ded2836b7a26104488"]}},{"id":12149,"url":"https:\/\/www.amsbeck-mt.de\/wp-content\/uploads\/2022\/08\/Schwimmen.jpg","name":"Schwimmen.jpg","meta":{"brizy_attachment_uid":"wp-42232bb2a86f68bebfcde57a8f5fb90c.jpg","brizy_post_uid":["6ef546193d5bdfe808f7f1de9e30bdbe","b954854e085795ded2836b7a26104488"]}}],"_links":{"self":[{"href":"https:\/\/www.amsbeck-mt.de\/es\/wp-json\/wp\/v2\/posts\/12363","targetHints":{"allow":["GET"]}}],"collection":[{"href":"https:\/\/www.amsbeck-mt.de\/es\/wp-json\/wp\/v2\/posts"}],"about":[{"href":"https:\/\/www.amsbeck-mt.de\/es\/wp-json\/wp\/v2\/types\/post"}],"author":[{"embeddable":true,"href":"https:\/\/www.amsbeck-mt.de\/es\/wp-json\/wp\/v2\/users\/1"}],"replies":[{"embeddable":true,"href":"https:\/\/www.amsbeck-mt.de\/es\/wp-json\/wp\/v2\/comments?post=12363"}],"version-history":[{"count":17,"href":"https:\/\/www.amsbeck-mt.de\/es\/wp-json\/wp\/v2\/posts\/12363\/revisions"}],"predecessor-version":[{"id":14644,"href":"https:\/\/www.amsbeck-mt.de\/es\/wp-json\/wp\/v2\/posts\/12363\/revisions\/14644"}],"wp:featuredmedia":[{"embeddable":true,"href":"https:\/\/www.amsbeck-mt.de\/es\/wp-json\/wp\/v2\/media\/12143"}],"wp:attachment":[{"href":"https:\/\/www.amsbeck-mt.de\/es\/wp-json\/wp\/v2\/media?parent=12363"}],"wp:term":[{"taxonomy":"category","embeddable":true,"href":"https:\/\/www.amsbeck-mt.de\/es\/wp-json\/wp\/v2\/categories?post=12363"},{"taxonomy":"post_tag","embeddable":true,"href":"https:\/\/www.amsbeck-mt.de\/es\/wp-json\/wp\/v2\/tags?post=12363"}],"curies":[{"name":"wp","href":"https:\/\/api.w.org\/{rel}","templated":true}]}}