{"id":14409,"date":"2023-03-15T15:31:10","date_gmt":"2023-03-15T14:31:10","guid":{"rendered":"https:\/\/www.amsbeck-mt.de\/?p=14409"},"modified":"2026-01-13T14:26:42","modified_gmt":"2026-01-13T13:26:42","slug":"kompressor-fliehkraftkupplung","status":"publish","type":"post","link":"https:\/\/www.amsbeck-mt.de\/es\/2023\/03\/15\/kompressor-fliehkraftkupplung\/","title":{"rendered":"Embrague centr\u00edfugo del compresor"},"content":{"rendered":"<div class=\"brz-root__container brz-reset-all brz brz-root__container-page\">\n<section id=\"_tpzlqjehfdmwuauioerlnboyucctjxjijcsu\" class=\"brz-section brz-css-mfo0zs\">\n<div class=\"brz-section__content brz-section--boxed brz-css-1ow067e brz-css-1ton3sl\" data-brz-custom-id=\"fnkldorgtzbjpbhyszvcgpfdeqdmnyoarjvy\">\n<div class=\"brz-container brz-css-1ka90ys brz-css-1yj8khd\">\n<div class=\"brz-row__container brz-css-ly5s36\" data-brz-custom-id=\"fhgejauzabvfbbmslrskduromyatkwpsbeyg\">\n<div class=\"brz-bg\"><\/div>\n<div class=\"brz-row brz-css-ixane8 brz-css-apgjx1\">\n<div class=\"brz-columns brz-css-1w15mcl brz-css-oy8rh8\" data-brz-custom-id=\"tshottaqogrxlxxhkyxmoxgqfyapvnoliyaq\">\n<div class=\"brz-bg\"><\/div>\n<div class=\"brz-column__items brz-css-66qb5 brz-css-fczsiy\">\n<div id=\"\" class=\"brz-css-yjt4su brz-css-1pzpkec brz-wrapper\">\n<div class=\"brz-rich-text brz-rich-text__custom brz-css-7swraw\" data-brz-custom-id=\"jxrnyieuvugzndtkqrvyjtfbxzmqlgidocdh\">\n<div data-brz-translate-text=\"1\">\n<h1 class=\"brz-tp-lg-heading1 brz-text-lg-center brz-css-fJdt_\" data-generated-css=\"brz-css-rumhj\" data-uniq-id=\"vicyf\"><span class=\"brz-cp-color6\">Embrague centr\u00edfugo del compresor <\/span><\/h1>\n<h1 class=\"brz-tp-lg-heading1 brz-text-lg-center brz-css-dd8dX\" data-generated-css=\"brz-css-yuikg\" data-uniq-id=\"oqnkf\"><span class=\"brz-cp-color6\">0250-01124<\/span><\/h1>\n<\/div>\n<\/div>\n<\/div>\n<\/div>\n<\/div>\n<\/div>\n<\/div>\n<div id=\"\" class=\"brz-css-yjt4su brz-wrapper\">\n<div class=\"brz-image__gallery\" data-brz-custom-id=\"chcvdfxhzpvjkgyibnbclbzjopwpgoxdpcep\">\n<div class=\"brz-image__gallery-container\">\n<div class=\"brz-image__gallery-wrapper brz-d-xs-flex brz-flex-xs-wrap brz-image__gallery-masonry brz-css-d3e5hi\" data-settings=\"%7B%22type%22%3A%22masonry%22%2C%22settings%22%3A%7B%22itemSelector%22%3A%22.brz-image__gallery-item%22%2C%22masonry%22%3A%7B%22columnWidth%22%3A%22.brz-image__gallery-item%22%7D%7D%7D\">\n<div class=\"brz-image__gallery-item\">\n<div class=\"brz-image brz-css-1czlwen\" data-brz-custom-id=\"akiceajjjplqbenbvumlihzrxazqpmqydxkf\"><img decoding=\"async\" class=\"brz-img\" src=\"https:\/\/www.amsbeck-mt.de\/wp-content\/uploads\/brizy\/imgs\/IMG_3805-466x349x0x0x466x349x1724340873.jpeg\" alt=\"\" loading=\"lazy\"><\/div>\n<\/div>\n<div class=\"brz-image__gallery-item\">\n<div class=\"brz-image brz-css-o1fltk\" data-brz-custom-id=\"svlzluwkeluitfotmmkpfivgteaqgitzjjhv\"><img decoding=\"async\" class=\"brz-img\" src=\"https:\/\/www.amsbeck-mt.de\/wp-content\/uploads\/brizy\/imgs\/IMG_3888-521x695x33x256x466x349x1724340873.jpg\" alt=\"\" loading=\"lazy\"><\/div>\n<\/div>\n<\/div>\n<\/div>\n<\/div>\n<\/div>\n<div class=\"brz-row__container brz-css-ly5s36\" data-brz-custom-id=\"xqrjvznhutbpcnsunghnyudhlxeshonbndxn\">\n<div class=\"brz-bg\"><\/div>\n<div class=\"brz-row brz-css-ixane8 brz-css-apgjx1\">\n<div class=\"brz-columns brz-css-1w15mcl\" data-brz-custom-id=\"zdyvrzxhhpmuhvqrujtjuakclzioggivyaxo\">\n<div class=\"brz-bg\"><\/div>\n<div class=\"brz-column__items brz-css-66qb5 brz-css-hm3e7g\">\n<div id=\"\" class=\"brz-css-yjt4su brz-wrapper\">\n<div class=\"brz-image brz-css-1w029e6\" data-brz-custom-id=\"zjzbassmxifugqgywdnseopdrwmdhhbhrdec\"><img decoding=\"async\" class=\"brz-img\" src=\"\" alt=\"\" loading=\"lazy\"><\/div>\n<\/div>\n<\/div>\n<\/div>\n<div class=\"brz-columns brz-css-1w15mcl\" data-brz-custom-id=\"ukrjypjyzlmyjzynxgsewmjshsmhqbvnybhb\">\n<div class=\"brz-bg\"><\/div>\n<div class=\"brz-column__items brz-css-66qb5 brz-css-cj8hb9\">\n<div id=\"\" class=\"brz-css-yjt4su brz-wrapper\">\n<div class=\"brz-rich-text brz-rich-text__custom brz-css-7swraw\" data-brz-custom-id=\"tcdlivvknttqwwsqxqstxsthbmhlpbjfxgbv\">\n<div data-brz-translate-text=\"1\">\n<p class=\"brz-tp-lg-paragraph brz-css-xvDXX\" data-uniq-id=\"mopsw\" data-generated-css=\"brz-css-wzjij\"><span class=\"brz-cp-color7\">El embrague centr\u00edfugo es una conexi\u00f3n ideal entre el motor y el compresor para que su remolque cisterna saque la mercanc\u00eda con suavidad y eficacia.<\/span><\/p>\n<p class=\"brz-tp-lg-paragraph brz-css-wO_9u\" data-uniq-id=\"mqvel\" data-generated-css=\"brz-css-nrnaj\"><\/p>\n<p class=\"ql-align-justify brz-tp-lg-paragraph brz-css-rZ8fX\" data-uniq-id=\"awlkz\" data-generated-css=\"brz-css-tdfpc\"><span class=\"brz-cp-color7\">Con el embrague de alto rendimiento de tama\u00f1o 250, el<\/span><\/p>\n<p class=\"ql-align-justify brz-tp-lg-paragraph brz-css-mfP7y\" data-uniq-id=\"jziic\" data-generated-css=\"brz-css-gqjaw\"><span class=\"brz-cp-color7\">carga y descarga de su cami\u00f3n mucho m\u00e1s r\u00e1pido. No s\u00f3lo ahorrar\u00e1 tiempo. Gracias al innovador dise\u00f1o de este embrague centr\u00edfugo, que tambi\u00e9n est\u00e1 equipado con un embrague flexible de dientes curvados, la ocurrencia<\/span><\/p>\n<p class=\"ql-align-justify brz-tp-lg-paragraph brz-css-cegaP\" data-uniq-id=\"obclj\" data-generated-css=\"brz-css-norts\"><span class=\"brz-cp-color7\">Las vibraciones y las cargas de choque se reducen durante el funcionamiento. Esto optimiza la transmisi\u00f3n de potencia, lo que se traduce en un mayor rendimiento de trabajo al cargar y descargar mercanc\u00edas.<\/span><\/p>\n<p class=\"brz-tp-lg-paragraph brz-css-j6Uz9\" data-uniq-id=\"uozgz\" data-generated-css=\"brz-css-zofcv\"><\/p>\n<p class=\"brz-tp-lg-paragraph brz-css-cmAG3\" data-uniq-id=\"vcjei\" data-generated-css=\"brz-css-krmyw\"><span class=\"brz-cp-color7\">El embrague centr\u00edfugo garantiza una conexi\u00f3n segura y fiable entre el motor y el lado de salida. Se ha desarrollado especialmente para los retos diarios del trabajo.<\/span><\/p>\n<p class=\"brz-tp-lg-paragraph brz-css-moA09\" data-uniq-id=\"qxugt\" data-generated-css=\"brz-css-drvnv\"><\/p>\n<p class=\"brz-tp-lg-paragraph brz-css-n7Cmi\" data-uniq-id=\"kphms\" data-generated-css=\"brz-css-exadi\"><span class=\"brz-cp-color7\">He aqu\u00ed algunos detalles t\u00e9cnicos sobre el embrague 0250-01124.<\/span><\/p>\n<\/div>\n<\/div>\n<\/div>\n<\/div>\n<\/div>\n<\/div>\n<\/div>\n<div id=\"\" class=\"brz-css-yjt4su brz-wrapper\">\n<div class=\"brz-image brz-css-1107ewf\" data-brz-custom-id=\"dwubmglitqwzqbjzfwerebmnhucbltszjbvq\"><img decoding=\"async\" class=\"brz-img\" src=\"https:\/\/www.amsbeck-mt.de\/wp-content\/uploads\/brizy\/imgs\/Kurve-927x580x0x0x927x580x1724340873.png\" alt=\"\" loading=\"lazy\"><\/div>\n<\/div>\n<div id=\"\" class=\"brz-css-yjt4su brz-css-1jf80de brz-wrapper\">\n<div class=\"brz-spacer brz-css-1xub7vr brz-css-xfj69y\"><\/div>\n<\/div>\n<\/div>\n<\/div>\n<\/section>\n<\/div>\n<p>    <!-- version:1737970932 --><\/p>","protected":false},"excerpt":{"rendered":"<p>El embrague centr\u00edfugo del compresor es una conexi\u00f3n ideal entre el motor y el compresor para su remolque cisterna.<\/p>","protected":false},"author":1,"featured_media":17260,"comment_status":"open","ping_status":"open","sticky":false,"template":"brizy-blank-template.php","format":"standard","meta":{"footnotes":""},"categories":[25],"tags":[],"class_list":["post-14409","post","type-post","status-publish","format-standard","has-post-thumbnail","hentry","category-news","entry"],"yoast_head":"<!-- This site is optimized with the Yoast SEO plugin v27.5 - https:\/\/yoast.com\/product\/yoast-seo-wordpress\/ -->\n<title>Kompressor Fliehkraftkupplung - Amsbeck Maschinentechnik<\/title>\n<meta name=\"description\" content=\"Die Kompressor Fliehkraftkupplung ist eine ideale Verbindung zwischen Motor und Kompressor f\u00fcr Ihren Tankauflieger.\" \/>\n<meta name=\"robots\" content=\"index, follow, max-snippet:-1, max-image-preview:large, max-video-preview:-1\" \/>\n<link rel=\"canonical\" href=\"https:\/\/www.amsbeck-mt.de\/es\/2023\/03\/15\/kompressor-fliehkraftkupplung\/\" \/>\n<meta property=\"og:locale\" content=\"es_ES\" \/>\n<meta property=\"og:type\" content=\"article\" \/>\n<meta property=\"og:title\" content=\"Kompressor Fliehkraftkupplung - Amsbeck Maschinentechnik\" \/>\n<meta property=\"og:description\" content=\"Die Kompressor Fliehkraftkupplung ist eine ideale Verbindung zwischen Motor und Kompressor f\u00fcr Ihren Tankauflieger.\" \/>\n<meta property=\"og:url\" content=\"https:\/\/www.amsbeck-mt.de\/es\/2023\/03\/15\/kompressor-fliehkraftkupplung\/\" \/>\n<meta property=\"og:site_name\" content=\"Amsbeck Maschinentechnik\" \/>\n<meta property=\"article:published_time\" content=\"2023-03-15T14:31:10+00:00\" \/>\n<meta property=\"article:modified_time\" content=\"2026-01-13T13:26:42+00:00\" \/>\n<meta property=\"og:image\" content=\"https:\/\/www.amsbeck-mt.de\/wp-content\/uploads\/2023\/04\/Fault02.png\" \/>\n\t<meta property=\"og:image:width\" content=\"1080\" \/>\n\t<meta property=\"og:image:height\" content=\"1080\" \/>\n\t<meta property=\"og:image:type\" content=\"image\/png\" \/>\n<meta name=\"author\" content=\"Admin\" \/>\n<meta name=\"twitter:card\" content=\"summary_large_image\" \/>\n<meta name=\"twitter:label1\" content=\"Escrito por\" \/>\n\t<meta name=\"twitter:data1\" content=\"Admin\" \/>\n\t<meta name=\"twitter:label2\" content=\"Tiempo de lectura\" \/>\n\t<meta name=\"twitter:data2\" content=\"2 minutos\" \/>\n<script type=\"application\/ld+json\" class=\"yoast-schema-graph\">{\"@context\":\"https:\\\/\\\/schema.org\",\"@graph\":[{\"@type\":\"Article\",\"@id\":\"https:\\\/\\\/www.amsbeck-mt.de\\\/en\\\/2023\\\/03\\\/15\\\/kompressor-fliehkraftkupplung\\\/#article\",\"isPartOf\":{\"@id\":\"https:\\\/\\\/www.amsbeck-mt.de\\\/en\\\/2023\\\/03\\\/15\\\/kompressor-fliehkraftkupplung\\\/\"},\"author\":{\"name\":\"Admin\",\"@id\":\"https:\\\/\\\/www.amsbeck-mt.de\\\/#\\\/schema\\\/person\\\/68452e192f923aad966373df8e494165\"},\"headline\":\"Kompressor Fliehkraftkupplung\",\"datePublished\":\"2023-03-15T14:31:10+00:00\",\"dateModified\":\"2026-01-13T13:26:42+00:00\",\"mainEntityOfPage\":{\"@id\":\"https:\\\/\\\/www.amsbeck-mt.de\\\/en\\\/2023\\\/03\\\/15\\\/kompressor-fliehkraftkupplung\\\/\"},\"wordCount\":127,\"commentCount\":0,\"image\":{\"@id\":\"https:\\\/\\\/www.amsbeck-mt.de\\\/en\\\/2023\\\/03\\\/15\\\/kompressor-fliehkraftkupplung\\\/#primaryimage\"},\"thumbnailUrl\":\"https:\\\/\\\/www.amsbeck-mt.de\\\/wp-content\\\/uploads\\\/2023\\\/04\\\/Fault02.png\",\"articleSection\":[\"News\"],\"inLanguage\":\"es\",\"potentialAction\":[{\"@type\":\"CommentAction\",\"name\":\"Comment\",\"target\":[\"https:\\\/\\\/www.amsbeck-mt.de\\\/en\\\/2023\\\/03\\\/15\\\/kompressor-fliehkraftkupplung\\\/#respond\"]}]},{\"@type\":\"WebPage\",\"@id\":\"https:\\\/\\\/www.amsbeck-mt.de\\\/en\\\/2023\\\/03\\\/15\\\/kompressor-fliehkraftkupplung\\\/\",\"url\":\"https:\\\/\\\/www.amsbeck-mt.de\\\/en\\\/2023\\\/03\\\/15\\\/kompressor-fliehkraftkupplung\\\/\",\"name\":\"Kompressor Fliehkraftkupplung - Amsbeck Maschinentechnik\",\"isPartOf\":{\"@id\":\"https:\\\/\\\/www.amsbeck-mt.de\\\/#website\"},\"primaryImageOfPage\":{\"@id\":\"https:\\\/\\\/www.amsbeck-mt.de\\\/en\\\/2023\\\/03\\\/15\\\/kompressor-fliehkraftkupplung\\\/#primaryimage\"},\"image\":{\"@id\":\"https:\\\/\\\/www.amsbeck-mt.de\\\/en\\\/2023\\\/03\\\/15\\\/kompressor-fliehkraftkupplung\\\/#primaryimage\"},\"thumbnailUrl\":\"https:\\\/\\\/www.amsbeck-mt.de\\\/wp-content\\\/uploads\\\/2023\\\/04\\\/Fault02.png\",\"datePublished\":\"2023-03-15T14:31:10+00:00\",\"dateModified\":\"2026-01-13T13:26:42+00:00\",\"author\":{\"@id\":\"https:\\\/\\\/www.amsbeck-mt.de\\\/#\\\/schema\\\/person\\\/68452e192f923aad966373df8e494165\"},\"description\":\"Die Kompressor Fliehkraftkupplung ist eine ideale Verbindung zwischen Motor und Kompressor f\u00fcr Ihren Tankauflieger.\",\"breadcrumb\":{\"@id\":\"https:\\\/\\\/www.amsbeck-mt.de\\\/en\\\/2023\\\/03\\\/15\\\/kompressor-fliehkraftkupplung\\\/#breadcrumb\"},\"inLanguage\":\"es\",\"potentialAction\":[{\"@type\":\"ReadAction\",\"target\":[\"https:\\\/\\\/www.amsbeck-mt.de\\\/en\\\/2023\\\/03\\\/15\\\/kompressor-fliehkraftkupplung\\\/\"]}]},{\"@type\":\"ImageObject\",\"inLanguage\":\"es\",\"@id\":\"https:\\\/\\\/www.amsbeck-mt.de\\\/en\\\/2023\\\/03\\\/15\\\/kompressor-fliehkraftkupplung\\\/#primaryimage\",\"url\":\"https:\\\/\\\/www.amsbeck-mt.de\\\/wp-content\\\/uploads\\\/2023\\\/04\\\/Fault02.png\",\"contentUrl\":\"https:\\\/\\\/www.amsbeck-mt.de\\\/wp-content\\\/uploads\\\/2023\\\/04\\\/Fault02.png\",\"width\":1080,\"height\":1080},{\"@type\":\"BreadcrumbList\",\"@id\":\"https:\\\/\\\/www.amsbeck-mt.de\\\/en\\\/2023\\\/03\\\/15\\\/kompressor-fliehkraftkupplung\\\/#breadcrumb\",\"itemListElement\":[{\"@type\":\"ListItem\",\"position\":1,\"name\":\"Startseite\",\"item\":\"https:\\\/\\\/www.amsbeck-mt.de\\\/\"},{\"@type\":\"ListItem\",\"position\":2,\"name\":\"Kompressor Fliehkraftkupplung\"}]},{\"@type\":\"WebSite\",\"@id\":\"https:\\\/\\\/www.amsbeck-mt.de\\\/#website\",\"url\":\"https:\\\/\\\/www.amsbeck-mt.de\\\/\",\"name\":\"Amsbeck Maschinentechnik\",\"description\":\"Ihr Partner rund um Fliehkraftkupplungen und Fliehkraftbremsen\",\"potentialAction\":[{\"@type\":\"SearchAction\",\"target\":{\"@type\":\"EntryPoint\",\"urlTemplate\":\"https:\\\/\\\/www.amsbeck-mt.de\\\/?s={search_term_string}\"},\"query-input\":{\"@type\":\"PropertyValueSpecification\",\"valueRequired\":true,\"valueName\":\"search_term_string\"}}],\"inLanguage\":\"es\"},{\"@type\":\"Person\",\"@id\":\"https:\\\/\\\/www.amsbeck-mt.de\\\/#\\\/schema\\\/person\\\/68452e192f923aad966373df8e494165\",\"name\":\"Admin\",\"image\":{\"@type\":\"ImageObject\",\"inLanguage\":\"es\",\"@id\":\"https:\\\/\\\/secure.gravatar.com\\\/avatar\\\/c0d3f1c3d66d5c515e02bd9b55ac469c62cef0e75e71c5bdee264742ff3e7908?s=96&d=mm&r=g\",\"url\":\"https:\\\/\\\/secure.gravatar.com\\\/avatar\\\/c0d3f1c3d66d5c515e02bd9b55ac469c62cef0e75e71c5bdee264742ff3e7908?s=96&d=mm&r=g\",\"contentUrl\":\"https:\\\/\\\/secure.gravatar.com\\\/avatar\\\/c0d3f1c3d66d5c515e02bd9b55ac469c62cef0e75e71c5bdee264742ff3e7908?s=96&d=mm&r=g\",\"caption\":\"Admin\"},\"sameAs\":[\"https:\\\/\\\/www.amsbeck-mt.de\"],\"url\":\"https:\\\/\\\/www.amsbeck-mt.de\\\/es\\\/author\\\/admin\\\/\"}]}<\/script>\n<!-- \/ Yoast SEO plugin. -->","yoast_head_json":{"title":"Embrague centr\u00edfugo para compresores - Amsbeck Maschinentechnik","description":"El embrague centr\u00edfugo del compresor es una conexi\u00f3n ideal entre el motor y el compresor para su remolque cisterna.","robots":{"index":"index","follow":"follow","max-snippet":"max-snippet:-1","max-image-preview":"max-image-preview:large","max-video-preview":"max-video-preview:-1"},"canonical":"https:\/\/www.amsbeck-mt.de\/es\/2023\/03\/15\/kompressor-fliehkraftkupplung\/","og_locale":"es_ES","og_type":"article","og_title":"Kompressor Fliehkraftkupplung - Amsbeck Maschinentechnik","og_description":"Die Kompressor Fliehkraftkupplung ist eine ideale Verbindung zwischen Motor und Kompressor f\u00fcr Ihren Tankauflieger.","og_url":"https:\/\/www.amsbeck-mt.de\/es\/2023\/03\/15\/kompressor-fliehkraftkupplung\/","og_site_name":"Amsbeck Maschinentechnik","article_published_time":"2023-03-15T14:31:10+00:00","article_modified_time":"2026-01-13T13:26:42+00:00","og_image":[{"width":1080,"height":1080,"url":"https:\/\/www.amsbeck-mt.de\/wp-content\/uploads\/2023\/04\/Fault02.png","type":"image\/png"}],"author":"Admin","twitter_card":"summary_large_image","twitter_misc":{"Escrito por":"Admin","Tiempo de lectura":"2 minutos"},"schema":{"@context":"https:\/\/schema.org","@graph":[{"@type":"Article","@id":"https:\/\/www.amsbeck-mt.de\/en\/2023\/03\/15\/kompressor-fliehkraftkupplung\/#article","isPartOf":{"@id":"https:\/\/www.amsbeck-mt.de\/en\/2023\/03\/15\/kompressor-fliehkraftkupplung\/"},"author":{"name":"Admin","@id":"https:\/\/www.amsbeck-mt.de\/#\/schema\/person\/68452e192f923aad966373df8e494165"},"headline":"Kompressor Fliehkraftkupplung","datePublished":"2023-03-15T14:31:10+00:00","dateModified":"2026-01-13T13:26:42+00:00","mainEntityOfPage":{"@id":"https:\/\/www.amsbeck-mt.de\/en\/2023\/03\/15\/kompressor-fliehkraftkupplung\/"},"wordCount":127,"commentCount":0,"image":{"@id":"https:\/\/www.amsbeck-mt.de\/en\/2023\/03\/15\/kompressor-fliehkraftkupplung\/#primaryimage"},"thumbnailUrl":"https:\/\/www.amsbeck-mt.de\/wp-content\/uploads\/2023\/04\/Fault02.png","articleSection":["News"],"inLanguage":"es","potentialAction":[{"@type":"CommentAction","name":"Comment","target":["https:\/\/www.amsbeck-mt.de\/en\/2023\/03\/15\/kompressor-fliehkraftkupplung\/#respond"]}]},{"@type":"WebPage","@id":"https:\/\/www.amsbeck-mt.de\/en\/2023\/03\/15\/kompressor-fliehkraftkupplung\/","url":"https:\/\/www.amsbeck-mt.de\/en\/2023\/03\/15\/kompressor-fliehkraftkupplung\/","name":"Embrague centr\u00edfugo para compresores - Amsbeck Maschinentechnik","isPartOf":{"@id":"https:\/\/www.amsbeck-mt.de\/#website"},"primaryImageOfPage":{"@id":"https:\/\/www.amsbeck-mt.de\/en\/2023\/03\/15\/kompressor-fliehkraftkupplung\/#primaryimage"},"image":{"@id":"https:\/\/www.amsbeck-mt.de\/en\/2023\/03\/15\/kompressor-fliehkraftkupplung\/#primaryimage"},"thumbnailUrl":"https:\/\/www.amsbeck-mt.de\/wp-content\/uploads\/2023\/04\/Fault02.png","datePublished":"2023-03-15T14:31:10+00:00","dateModified":"2026-01-13T13:26:42+00:00","author":{"@id":"https:\/\/www.amsbeck-mt.de\/#\/schema\/person\/68452e192f923aad966373df8e494165"},"description":"El embrague centr\u00edfugo del compresor es una conexi\u00f3n ideal entre el motor y el compresor para su remolque cisterna.","breadcrumb":{"@id":"https:\/\/www.amsbeck-mt.de\/en\/2023\/03\/15\/kompressor-fliehkraftkupplung\/#breadcrumb"},"inLanguage":"es","potentialAction":[{"@type":"ReadAction","target":["https:\/\/www.amsbeck-mt.de\/en\/2023\/03\/15\/kompressor-fliehkraftkupplung\/"]}]},{"@type":"ImageObject","inLanguage":"es","@id":"https:\/\/www.amsbeck-mt.de\/en\/2023\/03\/15\/kompressor-fliehkraftkupplung\/#primaryimage","url":"https:\/\/www.amsbeck-mt.de\/wp-content\/uploads\/2023\/04\/Fault02.png","contentUrl":"https:\/\/www.amsbeck-mt.de\/wp-content\/uploads\/2023\/04\/Fault02.png","width":1080,"height":1080},{"@type":"BreadcrumbList","@id":"https:\/\/www.amsbeck-mt.de\/en\/2023\/03\/15\/kompressor-fliehkraftkupplung\/#breadcrumb","itemListElement":[{"@type":"ListItem","position":1,"name":"Startseite","item":"https:\/\/www.amsbeck-mt.de\/"},{"@type":"ListItem","position":2,"name":"Kompressor Fliehkraftkupplung"}]},{"@type":"WebSite","@id":"https:\/\/www.amsbeck-mt.de\/#website","url":"https:\/\/www.amsbeck-mt.de\/","name":"Tecnolog\u00eda de maquinaria Amsbeck","description":"Su socio para embragues centr\u00edfugos y frenos centr\u00edfugos","potentialAction":[{"@type":"SearchAction","target":{"@type":"EntryPoint","urlTemplate":"https:\/\/www.amsbeck-mt.de\/?s={search_term_string}"},"query-input":{"@type":"PropertyValueSpecification","valueRequired":true,"valueName":"search_term_string"}}],"inLanguage":"es"},{"@type":"Person","@id":"https:\/\/www.amsbeck-mt.de\/#\/schema\/person\/68452e192f923aad966373df8e494165","name":"Admin","image":{"@type":"ImageObject","inLanguage":"es","@id":"https:\/\/secure.gravatar.com\/avatar\/c0d3f1c3d66d5c515e02bd9b55ac469c62cef0e75e71c5bdee264742ff3e7908?s=96&d=mm&r=g","url":"https:\/\/secure.gravatar.com\/avatar\/c0d3f1c3d66d5c515e02bd9b55ac469c62cef0e75e71c5bdee264742ff3e7908?s=96&d=mm&r=g","contentUrl":"https:\/\/secure.gravatar.com\/avatar\/c0d3f1c3d66d5c515e02bd9b55ac469c62cef0e75e71c5bdee264742ff3e7908?s=96&d=mm&r=g","caption":"Admin"},"sameAs":["https:\/\/www.amsbeck-mt.de"],"url":"https:\/\/www.amsbeck-mt.de\/es\/author\/admin\/"}]}},"brizy_media":[{"id":14420,"url":"https:\/\/www.amsbeck-mt.de\/wp-content\/uploads\/2023\/03\/IMG_3805.jpeg","name":"IMG_3805.jpeg","meta":{"brizy_attachment_uid":"wp-985626d6e758970a3f74d8e78c4d038d.jpeg","brizy_post_uid":["fc67ee81f3592c8f49db0cf66db6e4d1"]}},{"id":14421,"url":"https:\/\/www.amsbeck-mt.de\/wp-content\/uploads\/2023\/03\/IMG_3888.jpg","name":"IMG_3888.jpg","meta":{"brizy_attachment_uid":"wp-a13cb7a8e26943c8958bc028a2d164e7.jpg","brizy_post_uid":["fc67ee81f3592c8f49db0cf66db6e4d1"]}},{"id":14423,"url":"https:\/\/www.amsbeck-mt.de\/wp-content\/uploads\/2023\/03\/IMG_3891-scaled.jpg","name":"IMG_3891.jpg","meta":{"brizy_attachment_uid":"wp-613f34c87c08ba937743759328248be3.jpg","brizy_post_uid":["fc67ee81f3592c8f49db0cf66db6e4d1"]}},{"id":14424,"url":"https:\/\/www.amsbeck-mt.de\/wp-content\/uploads\/2023\/03\/Kurve.png","name":"Kurve.png","meta":{"brizy_attachment_uid":"wp-7675a62af2fba8ebf753095d3e63633f.png","brizy_post_uid":["fc67ee81f3592c8f49db0cf66db6e4d1"]}}],"_links":{"self":[{"href":"https:\/\/www.amsbeck-mt.de\/es\/wp-json\/wp\/v2\/posts\/14409","targetHints":{"allow":["GET"]}}],"collection":[{"href":"https:\/\/www.amsbeck-mt.de\/es\/wp-json\/wp\/v2\/posts"}],"about":[{"href":"https:\/\/www.amsbeck-mt.de\/es\/wp-json\/wp\/v2\/types\/post"}],"author":[{"embeddable":true,"href":"https:\/\/www.amsbeck-mt.de\/es\/wp-json\/wp\/v2\/users\/1"}],"replies":[{"embeddable":true,"href":"https:\/\/www.amsbeck-mt.de\/es\/wp-json\/wp\/v2\/comments?post=14409"}],"version-history":[{"count":30,"href":"https:\/\/www.amsbeck-mt.de\/es\/wp-json\/wp\/v2\/posts\/14409\/revisions"}],"predecessor-version":[{"id":17264,"href":"https:\/\/www.amsbeck-mt.de\/es\/wp-json\/wp\/v2\/posts\/14409\/revisions\/17264"}],"wp:featuredmedia":[{"embeddable":true,"href":"https:\/\/www.amsbeck-mt.de\/es\/wp-json\/wp\/v2\/media\/17260"}],"wp:attachment":[{"href":"https:\/\/www.amsbeck-mt.de\/es\/wp-json\/wp\/v2\/media?parent=14409"}],"wp:term":[{"taxonomy":"category","embeddable":true,"href":"https:\/\/www.amsbeck-mt.de\/es\/wp-json\/wp\/v2\/categories?post=14409"},{"taxonomy":"post_tag","embeddable":true,"href":"https:\/\/www.amsbeck-mt.de\/es\/wp-json\/wp\/v2\/tags?post=14409"}],"curies":[{"name":"wp","href":"https:\/\/api.w.org\/{rel}","templated":true}]}}