{"id":14955,"date":"2023-05-31T11:01:37","date_gmt":"2023-05-31T09:01:37","guid":{"rendered":"https:\/\/www.amsbeck-mt.de\/?p=14955"},"modified":"2026-01-13T14:26:34","modified_gmt":"2026-01-13T13:26:34","slug":"mit-fliehkraftkupplung-auf-der-bom","status":"publish","type":"post","link":"https:\/\/www.amsbeck-mt.de\/es\/2023\/05\/31\/mit-fliehkraftkupplung-auf-der-bom\/","title":{"rendered":"Amsbeck en el BOM"},"content":{"rendered":"<div class=\"brz-root__container brz-reset-all brz brz-root__container-page\">\n<section id=\"_xpkfkoziwyfczbxneqwydqgutzqwycwuoqjk\" class=\"brz-section brz-css-gp4242\">\n<div class=\"brz-section__content brz-section--boxed brz-css-evd4a brz-css-1jf322e\" data-brz-custom-id=\"xojiemmrtfsypjdtfacxpthxvbnprwgueedm\">\n<div class=\"brz-container brz-css-fdzocx brz-css-1xa72y2\">\n<div class=\"brz-row__container brz-css-1xmy7q1\" data-brz-custom-id=\"gxvihspsudxfifcslisyzqrfpycwcqvgfzij\">\n<div class=\"brz-bg\"><\/div>\n<div class=\"brz-row brz-css-3nonmi brz-css-a5vfoy\">\n<div class=\"brz-columns brz-css-auu5um brz-css-1kidz4q\" data-brz-custom-id=\"npwlmvduadesaskbrwolhufhhwpbfkxbklsy\">\n<div class=\"brz-bg\"><\/div>\n<div class=\"brz-column__items brz-css-1qtuhuy brz-css-ljhbji\">\n<div id=\"\" class=\"brz-css-wib5et brz-css-y19462 brz-wrapper\">\n<div class=\"brz-rich-text brz-rich-text__custom brz-css-14fkdzg\" data-brz-custom-id=\"ngcbspzbbyvdhmqwhxudczoygopxrtcnmlco\">\n<div data-brz-translate-text=\"1\">\n<h1 class=\"brz-text-lg-center brz-tp-lg-heading1 brz-css-i0u3V\" data-uniq-id=\"zdtzw\" data-generated-css=\"brz-css-dgejm\"><span class=\"brz-cp-color6\"> Amsbeck en la BOM 2023<\/span><\/h1>\n<h1 class=\"brz-text-lg-center brz-tp-lg-heading1 brz-css-a2LTW\" data-uniq-id=\"zdtzw\" data-generated-css=\"brz-css-dgejm\"><span class=\"brz-cp-color6\">en Warendorf<\/span><\/h1>\n<\/div>\n<\/div>\n<\/div>\n<\/div>\n<\/div>\n<\/div>\n<\/div>\n<div id=\"\" class=\"brz-css-wib5et brz-wrapper\">\n<div class=\"brz-rich-text brz-rich-text__custom brz-css-14fkdzg\" data-brz-custom-id=\"nigcjxysgboyhrfilfznungyfddlvqyraptk\">\n<div data-brz-translate-text=\"1\">\n<p class=\"brz-text-lg-justify brz-tp-lg-abovetitle brz-css-k1Ja9\" data-generated-css=\"brz-css-mkohb\" data-uniq-id=\"ztrou\"><span class=\"brz-cp-color7\">\u00bfQu\u00e9 opina de la formaci\u00f3n?<\/span><\/p>\n<\/div>\n<\/div>\n<\/div>\n<div id=\"\" class=\"brz-css-wib5et brz-wrapper\">\n<div class=\"brz-image__gallery\" data-brz-custom-id=\"zcjikfvqndysabssirkgdavxrgjcijtqabuq\">\n<div class=\"brz-image__gallery-container\">\n<div class=\"brz-image__gallery-wrapper brz-d-xs-flex brz-flex-xs-wrap brz-image__gallery-masonry brz-css-1x4mn4u\" data-settings=\"%7B%22type%22%3A%22masonry%22%2C%22settings%22%3A%7B%22itemSelector%22%3A%22.brz-image__gallery-item%22%2C%22masonry%22%3A%7B%22columnWidth%22%3A%22.brz-image__gallery-item%22%7D%7D%7D\">\n<div class=\"brz-image__gallery-item\">\n<div class=\"brz-image brz-css-2bg2zm\" data-brz-custom-id=\"wboxcmbmgdpxcqbtssjtvyvbquuhumtevhok\"><img decoding=\"async\" class=\"brz-img\" src=\"https:\/\/www.amsbeck-mt.de\/wp-content\/uploads\/brizy\/imgs\/Optimized-Gluecksrad-466x621x0x92x466x461x1724340873.jpeg\" alt=\"\" loading=\"lazy\"><\/div>\n<\/div>\n<div class=\"brz-image__gallery-item\">\n<div class=\"brz-image brz-css-iujdat\" data-brz-custom-id=\"gbcdogtoxirlzdtmwozkifsogkgnkiuuukpb\"><img decoding=\"async\" class=\"brz-img\" src=\"https:\/\/www.amsbeck-mt.de\/wp-content\/uploads\/brizy\/imgs\/Optimized-f46b9899-3bbe-4ab0-8d88-bd7068df7bcb-608x456x35x0x466x456x1724340873.jpeg\" alt=\"\" loading=\"lazy\"><\/div>\n<\/div>\n<\/div>\n<\/div>\n<\/div>\n<\/div>\n<div class=\"brz-row__container brz-css-1xmy7q1\" data-brz-custom-id=\"pebqdtobgtnvtaskyrkksbofbpzfpgbakhny\">\n<div class=\"brz-bg\"><\/div>\n<div class=\"brz-row brz-css-3nonmi brz-css-a5vfoy\">\n<div class=\"brz-columns brz-css-auu5um brz-css-fa8u8t\" data-brz-custom-id=\"xukqgztgkszfkrvfpijgwwcdrecawqvtldwb\">\n<div class=\"brz-bg\"><\/div>\n<div class=\"brz-column__items brz-css-1qtuhuy brz-css-w7vatx\">\n<div id=\"\" class=\"brz-css-wib5et brz-wrapper\">\n<div class=\"brz-rich-text brz-rich-text__custom brz-css-14fkdzg\" data-brz-custom-id=\"xicpeowwlthfddpwcattufbufngpoaansfnh\">\n<div data-brz-translate-text=\"1\">\n<p class=\"brz-text-lg-justify brz-tp-lg-paragraph brz-css-fm95V\" data-uniq-id=\"pasgz\" data-generated-css=\"brz-css-ttkat\"><em class=\"brz-cp-color7\">Creemos que un aprendizaje es una gran base para la vida posterior, independientemente de si despu\u00e9s quieres ir a la universidad, hacer otro tipo de formaci\u00f3n complementaria o simplemente seguir trabajando en el puesto que has aprendido. Porque eso tambi\u00e9n puede ser divertido.<\/em><\/p>\n<p class=\"brz-text-lg-justify brz-tp-lg-paragraph brz-css-q2SBO\" data-uniq-id=\"plnig\" data-generated-css=\"brz-css-ptkog\"><\/p>\n<p class=\"brz-text-lg-justify brz-tp-lg-paragraph brz-css-x4LYD\" data-uniq-id=\"idkcr\" data-generated-css=\"brz-css-mripb\"><em class=\"brz-cp-color7\">Con&nbsp;<\/em><em class=\"brz-cp-color7\">Amsbeck, ofrecemos formaci\u00f3n en tres profesiones. Adem\u00e1s de mec\u00e1nico de mecanizado y dise\u00f1ador t\u00e9cnico de productos, tambi\u00e9n puede aprender con nosotros la profesi\u00f3n de dependiente industrial. <\/em><em class=\"brz-cp-color7\">Esta semana estuvimos en el&nbsp;<\/em><em class=\"brz-cp-color7\">BOM en Warendorf es una feria de orientaci\u00f3n profesional. Mantuvimos muy buenas conversaciones con j\u00f3venes que quieren iniciar su carrera profesional en los pr\u00f3ximos a\u00f1os.<\/em><\/p>\n<p class=\"brz-text-lg-justify brz-tp-lg-paragraph brz-css-eJAUh\" data-uniq-id=\"wwyce\" data-generated-css=\"brz-css-opdqo\"><\/p>\n<p class=\"brz-text-lg-justify brz-tp-lg-paragraph brz-css-mcUBJ\" data-uniq-id=\"qmhms\" data-generated-css=\"brz-css-szxmp\"><em class=\"brz-cp-color7\">Nuestra nueva rueda de la fortuna, desarrollada y ensamblada por nuestro aprendiz Malte, fue un aut\u00e9ntico acontecimiento.<\/em><\/p>\n<p class=\"brz-text-lg-justify brz-tp-lg-paragraph brz-css-nBH4j\" data-uniq-id=\"fwsvr\" data-generated-css=\"brz-css-fmrza\"><\/p>\n<p class=\"brz-text-lg-justify brz-tp-lg-paragraph brz-css-yelCv\" data-uniq-id=\"turmi\" data-generated-css=\"brz-css-jyhig\"><em class=\"brz-cp-color7\">En Amsbeck somos una peque\u00f1a&nbsp;<\/em><em class=\"brz-cp-color7\">Con un equipo de cuarenta compa\u00f1eros, desarrollamos, producimos y distribuimos nuestros productos de tecnolog\u00eda de accionamiento en todo el mundo y esperamos dar la bienvenida a nuevos miembros del equipo que deseen completar un aprendizaje.<\/em><\/p>\n<\/div>\n<\/div>\n<\/div>\n<\/div>\n<\/div>\n<\/div>\n<\/div>\n<div class=\"brz-row__container brz-css-1xmy7q1\" data-brz-custom-id=\"nkkwvmqzsvkkmdsjbyitpovpnkwkjzjwlmau\">\n<div class=\"brz-bg\"><\/div>\n<div class=\"brz-row brz-css-3nonmi\">\n<div class=\"brz-columns brz-css-auu5um brz-css-1d1w2vz\" data-brz-custom-id=\"lbdfxvhzmysranesjpfpqedzwpjtjxzcstsa\">\n<div class=\"brz-bg\"><\/div>\n<div class=\"brz-column__items brz-css-1qtuhuy\">\n<div id=\"\" class=\"brz-css-wib5et brz-wrapper\">\n<div class=\"brz-image brz-css-10rud46\" data-brz-custom-id=\"majnzslmvwwmtmrggbzildowscdnyoanvjny\"><img decoding=\"async\" class=\"brz-img\" src=\"https:\/\/www.amsbeck-mt.de\/wp-content\/uploads\/brizy\/imgs\/Optimized-20230524_080440-886x665x0x83x886x498x1724340873.jpg\" alt=\"\" loading=\"lazy\"><\/div>\n<\/div>\n<\/div>\n<\/div>\n<\/div>\n<\/div>\n<\/div>\n<\/div>\n<\/section>\n<\/div>\n<p>    <!-- version:1737968255 --><\/p>","protected":false},"excerpt":{"rendered":"<p>En Amsbeck fabricamos embragues centr\u00edfugos, y pensamos que un aprendizaje es una gran base para la vida posterior, en ...<\/p>","protected":false},"author":1,"featured_media":14957,"comment_status":"open","ping_status":"open","sticky":false,"template":"brizy-blank-template.php","format":"standard","meta":{"footnotes":""},"categories":[26],"tags":[],"class_list":["post-14955","post","type-post","status-publish","format-standard","has-post-thumbnail","hentry","category-inside","entry"],"yoast_head":"<!-- This site is optimized with the Yoast SEO plugin v27.5 - https:\/\/yoast.com\/product\/yoast-seo-wordpress\/ -->\n<title>Amsbeck auf der BOM - Amsbeck Maschinentechnik<\/title>\n<meta name=\"description\" content=\"Wir bei Amsbeck sind mit einer Fliehkraftkupplung auf der Bom, und denken, eine Lehre ist eine super Grundlage f\u00fcr das sp\u00e4tere Leben, ...\" \/>\n<meta name=\"robots\" content=\"index, follow, max-snippet:-1, max-image-preview:large, max-video-preview:-1\" \/>\n<link rel=\"canonical\" href=\"https:\/\/www.amsbeck-mt.de\/es\/2023\/05\/31\/mit-fliehkraftkupplung-auf-der-bom\/\" \/>\n<meta property=\"og:locale\" content=\"es_ES\" \/>\n<meta property=\"og:type\" content=\"article\" \/>\n<meta property=\"og:title\" content=\"Amsbeck auf der BOM - Amsbeck Maschinentechnik\" \/>\n<meta property=\"og:description\" content=\"Wir bei Amsbeck sind mit einer Fliehkraftkupplung auf der Bom, und denken, eine Lehre ist eine super Grundlage f\u00fcr das sp\u00e4tere Leben, ...\" \/>\n<meta property=\"og:url\" content=\"https:\/\/www.amsbeck-mt.de\/es\/2023\/05\/31\/mit-fliehkraftkupplung-auf-der-bom\/\" \/>\n<meta property=\"og:site_name\" content=\"Amsbeck Maschinentechnik\" \/>\n<meta property=\"article:published_time\" content=\"2023-05-31T09:01:37+00:00\" \/>\n<meta property=\"article:modified_time\" content=\"2026-01-13T13:26:34+00:00\" \/>\n<meta property=\"og:image\" content=\"https:\/\/www.amsbeck-mt.de\/wp-content\/uploads\/2023\/05\/Optimized-f46b9899-3bbe-4ab0-8d88-bd7068df7bcb.jpeg\" \/>\n\t<meta property=\"og:image:width\" content=\"1000\" \/>\n\t<meta property=\"og:image:height\" content=\"750\" \/>\n\t<meta property=\"og:image:type\" content=\"image\/jpeg\" \/>\n<meta name=\"author\" content=\"Admin\" \/>\n<meta name=\"twitter:card\" content=\"summary_large_image\" \/>\n<meta name=\"twitter:label1\" content=\"Escrito por\" \/>\n\t<meta name=\"twitter:data1\" content=\"Admin\" \/>\n\t<meta name=\"twitter:label2\" content=\"Tiempo de lectura\" \/>\n\t<meta name=\"twitter:data2\" content=\"4 minutos\" \/>\n<script type=\"application\/ld+json\" class=\"yoast-schema-graph\">{\"@context\":\"https:\\\/\\\/schema.org\",\"@graph\":[{\"@type\":\"Article\",\"@id\":\"https:\\\/\\\/www.amsbeck-mt.de\\\/en\\\/2023\\\/05\\\/31\\\/mit-fliehkraftkupplung-auf-der-bom\\\/#article\",\"isPartOf\":{\"@id\":\"https:\\\/\\\/www.amsbeck-mt.de\\\/en\\\/2023\\\/05\\\/31\\\/mit-fliehkraftkupplung-auf-der-bom\\\/\"},\"author\":{\"name\":\"Admin\",\"@id\":\"https:\\\/\\\/www.amsbeck-mt.de\\\/#\\\/schema\\\/person\\\/68452e192f923aad966373df8e494165\"},\"headline\":\"Amsbeck auf der BOM\",\"datePublished\":\"2023-05-31T09:01:37+00:00\",\"dateModified\":\"2026-01-13T13:26:34+00:00\",\"mainEntityOfPage\":{\"@id\":\"https:\\\/\\\/www.amsbeck-mt.de\\\/en\\\/2023\\\/05\\\/31\\\/mit-fliehkraftkupplung-auf-der-bom\\\/\"},\"wordCount\":185,\"commentCount\":0,\"image\":{\"@id\":\"https:\\\/\\\/www.amsbeck-mt.de\\\/en\\\/2023\\\/05\\\/31\\\/mit-fliehkraftkupplung-auf-der-bom\\\/#primaryimage\"},\"thumbnailUrl\":\"https:\\\/\\\/www.amsbeck-mt.de\\\/wp-content\\\/uploads\\\/2023\\\/05\\\/Optimized-f46b9899-3bbe-4ab0-8d88-bd7068df7bcb.jpeg\",\"articleSection\":[\"Inside\"],\"inLanguage\":\"es\",\"potentialAction\":[{\"@type\":\"CommentAction\",\"name\":\"Comment\",\"target\":[\"https:\\\/\\\/www.amsbeck-mt.de\\\/en\\\/2023\\\/05\\\/31\\\/mit-fliehkraftkupplung-auf-der-bom\\\/#respond\"]}]},{\"@type\":\"WebPage\",\"@id\":\"https:\\\/\\\/www.amsbeck-mt.de\\\/en\\\/2023\\\/05\\\/31\\\/mit-fliehkraftkupplung-auf-der-bom\\\/\",\"url\":\"https:\\\/\\\/www.amsbeck-mt.de\\\/en\\\/2023\\\/05\\\/31\\\/mit-fliehkraftkupplung-auf-der-bom\\\/\",\"name\":\"Amsbeck auf der BOM - Amsbeck Maschinentechnik\",\"isPartOf\":{\"@id\":\"https:\\\/\\\/www.amsbeck-mt.de\\\/#website\"},\"primaryImageOfPage\":{\"@id\":\"https:\\\/\\\/www.amsbeck-mt.de\\\/en\\\/2023\\\/05\\\/31\\\/mit-fliehkraftkupplung-auf-der-bom\\\/#primaryimage\"},\"image\":{\"@id\":\"https:\\\/\\\/www.amsbeck-mt.de\\\/en\\\/2023\\\/05\\\/31\\\/mit-fliehkraftkupplung-auf-der-bom\\\/#primaryimage\"},\"thumbnailUrl\":\"https:\\\/\\\/www.amsbeck-mt.de\\\/wp-content\\\/uploads\\\/2023\\\/05\\\/Optimized-f46b9899-3bbe-4ab0-8d88-bd7068df7bcb.jpeg\",\"datePublished\":\"2023-05-31T09:01:37+00:00\",\"dateModified\":\"2026-01-13T13:26:34+00:00\",\"author\":{\"@id\":\"https:\\\/\\\/www.amsbeck-mt.de\\\/#\\\/schema\\\/person\\\/68452e192f923aad966373df8e494165\"},\"description\":\"Wir bei Amsbeck sind mit einer Fliehkraftkupplung auf der Bom, und denken, eine Lehre ist eine super Grundlage f\u00fcr das sp\u00e4tere Leben, ...\",\"breadcrumb\":{\"@id\":\"https:\\\/\\\/www.amsbeck-mt.de\\\/en\\\/2023\\\/05\\\/31\\\/mit-fliehkraftkupplung-auf-der-bom\\\/#breadcrumb\"},\"inLanguage\":\"es\",\"potentialAction\":[{\"@type\":\"ReadAction\",\"target\":[\"https:\\\/\\\/www.amsbeck-mt.de\\\/en\\\/2023\\\/05\\\/31\\\/mit-fliehkraftkupplung-auf-der-bom\\\/\"]}]},{\"@type\":\"ImageObject\",\"inLanguage\":\"es\",\"@id\":\"https:\\\/\\\/www.amsbeck-mt.de\\\/en\\\/2023\\\/05\\\/31\\\/mit-fliehkraftkupplung-auf-der-bom\\\/#primaryimage\",\"url\":\"https:\\\/\\\/www.amsbeck-mt.de\\\/wp-content\\\/uploads\\\/2023\\\/05\\\/Optimized-f46b9899-3bbe-4ab0-8d88-bd7068df7bcb.jpeg\",\"contentUrl\":\"https:\\\/\\\/www.amsbeck-mt.de\\\/wp-content\\\/uploads\\\/2023\\\/05\\\/Optimized-f46b9899-3bbe-4ab0-8d88-bd7068df7bcb.jpeg\",\"width\":1000,\"height\":750},{\"@type\":\"BreadcrumbList\",\"@id\":\"https:\\\/\\\/www.amsbeck-mt.de\\\/en\\\/2023\\\/05\\\/31\\\/mit-fliehkraftkupplung-auf-der-bom\\\/#breadcrumb\",\"itemListElement\":[{\"@type\":\"ListItem\",\"position\":1,\"name\":\"Startseite\",\"item\":\"https:\\\/\\\/www.amsbeck-mt.de\\\/\"},{\"@type\":\"ListItem\",\"position\":2,\"name\":\"Amsbeck auf der BOM\"}]},{\"@type\":\"WebSite\",\"@id\":\"https:\\\/\\\/www.amsbeck-mt.de\\\/#website\",\"url\":\"https:\\\/\\\/www.amsbeck-mt.de\\\/\",\"name\":\"Amsbeck Maschinentechnik\",\"description\":\"Ihr Partner rund um Fliehkraftkupplungen und Fliehkraftbremsen\",\"potentialAction\":[{\"@type\":\"SearchAction\",\"target\":{\"@type\":\"EntryPoint\",\"urlTemplate\":\"https:\\\/\\\/www.amsbeck-mt.de\\\/?s={search_term_string}\"},\"query-input\":{\"@type\":\"PropertyValueSpecification\",\"valueRequired\":true,\"valueName\":\"search_term_string\"}}],\"inLanguage\":\"es\"},{\"@type\":\"Person\",\"@id\":\"https:\\\/\\\/www.amsbeck-mt.de\\\/#\\\/schema\\\/person\\\/68452e192f923aad966373df8e494165\",\"name\":\"Admin\",\"image\":{\"@type\":\"ImageObject\",\"inLanguage\":\"es\",\"@id\":\"https:\\\/\\\/secure.gravatar.com\\\/avatar\\\/c0d3f1c3d66d5c515e02bd9b55ac469c62cef0e75e71c5bdee264742ff3e7908?s=96&d=mm&r=g\",\"url\":\"https:\\\/\\\/secure.gravatar.com\\\/avatar\\\/c0d3f1c3d66d5c515e02bd9b55ac469c62cef0e75e71c5bdee264742ff3e7908?s=96&d=mm&r=g\",\"contentUrl\":\"https:\\\/\\\/secure.gravatar.com\\\/avatar\\\/c0d3f1c3d66d5c515e02bd9b55ac469c62cef0e75e71c5bdee264742ff3e7908?s=96&d=mm&r=g\",\"caption\":\"Admin\"},\"sameAs\":[\"https:\\\/\\\/www.amsbeck-mt.de\"],\"url\":\"https:\\\/\\\/www.amsbeck-mt.de\\\/es\\\/author\\\/admin\\\/\"}]}<\/script>\n<!-- \/ Yoast SEO plugin. -->","yoast_head_json":{"title":"Amsbeck en el BOM - Amsbeck Maschinentechnik","description":"En Amsbeck estamos en la Bom con un embrague centr\u00edfugo, y pensamos que un aprendizaje es una gran base para la vida posterior, ...","robots":{"index":"index","follow":"follow","max-snippet":"max-snippet:-1","max-image-preview":"max-image-preview:large","max-video-preview":"max-video-preview:-1"},"canonical":"https:\/\/www.amsbeck-mt.de\/es\/2023\/05\/31\/mit-fliehkraftkupplung-auf-der-bom\/","og_locale":"es_ES","og_type":"article","og_title":"Amsbeck auf der BOM - Amsbeck Maschinentechnik","og_description":"Wir bei Amsbeck sind mit einer Fliehkraftkupplung auf der Bom, und denken, eine Lehre ist eine super Grundlage f\u00fcr das sp\u00e4tere Leben, ...","og_url":"https:\/\/www.amsbeck-mt.de\/es\/2023\/05\/31\/mit-fliehkraftkupplung-auf-der-bom\/","og_site_name":"Amsbeck Maschinentechnik","article_published_time":"2023-05-31T09:01:37+00:00","article_modified_time":"2026-01-13T13:26:34+00:00","og_image":[{"width":1000,"height":750,"url":"https:\/\/www.amsbeck-mt.de\/wp-content\/uploads\/2023\/05\/Optimized-f46b9899-3bbe-4ab0-8d88-bd7068df7bcb.jpeg","type":"image\/jpeg"}],"author":"Admin","twitter_card":"summary_large_image","twitter_misc":{"Escrito por":"Admin","Tiempo de lectura":"4 minutos"},"schema":{"@context":"https:\/\/schema.org","@graph":[{"@type":"Article","@id":"https:\/\/www.amsbeck-mt.de\/en\/2023\/05\/31\/mit-fliehkraftkupplung-auf-der-bom\/#article","isPartOf":{"@id":"https:\/\/www.amsbeck-mt.de\/en\/2023\/05\/31\/mit-fliehkraftkupplung-auf-der-bom\/"},"author":{"name":"Admin","@id":"https:\/\/www.amsbeck-mt.de\/#\/schema\/person\/68452e192f923aad966373df8e494165"},"headline":"Amsbeck auf der BOM","datePublished":"2023-05-31T09:01:37+00:00","dateModified":"2026-01-13T13:26:34+00:00","mainEntityOfPage":{"@id":"https:\/\/www.amsbeck-mt.de\/en\/2023\/05\/31\/mit-fliehkraftkupplung-auf-der-bom\/"},"wordCount":185,"commentCount":0,"image":{"@id":"https:\/\/www.amsbeck-mt.de\/en\/2023\/05\/31\/mit-fliehkraftkupplung-auf-der-bom\/#primaryimage"},"thumbnailUrl":"https:\/\/www.amsbeck-mt.de\/wp-content\/uploads\/2023\/05\/Optimized-f46b9899-3bbe-4ab0-8d88-bd7068df7bcb.jpeg","articleSection":["Inside"],"inLanguage":"es","potentialAction":[{"@type":"CommentAction","name":"Comment","target":["https:\/\/www.amsbeck-mt.de\/en\/2023\/05\/31\/mit-fliehkraftkupplung-auf-der-bom\/#respond"]}]},{"@type":"WebPage","@id":"https:\/\/www.amsbeck-mt.de\/en\/2023\/05\/31\/mit-fliehkraftkupplung-auf-der-bom\/","url":"https:\/\/www.amsbeck-mt.de\/en\/2023\/05\/31\/mit-fliehkraftkupplung-auf-der-bom\/","name":"Amsbeck en el BOM - Amsbeck Maschinentechnik","isPartOf":{"@id":"https:\/\/www.amsbeck-mt.de\/#website"},"primaryImageOfPage":{"@id":"https:\/\/www.amsbeck-mt.de\/en\/2023\/05\/31\/mit-fliehkraftkupplung-auf-der-bom\/#primaryimage"},"image":{"@id":"https:\/\/www.amsbeck-mt.de\/en\/2023\/05\/31\/mit-fliehkraftkupplung-auf-der-bom\/#primaryimage"},"thumbnailUrl":"https:\/\/www.amsbeck-mt.de\/wp-content\/uploads\/2023\/05\/Optimized-f46b9899-3bbe-4ab0-8d88-bd7068df7bcb.jpeg","datePublished":"2023-05-31T09:01:37+00:00","dateModified":"2026-01-13T13:26:34+00:00","author":{"@id":"https:\/\/www.amsbeck-mt.de\/#\/schema\/person\/68452e192f923aad966373df8e494165"},"description":"En Amsbeck estamos en la Bom con un embrague centr\u00edfugo, y pensamos que un aprendizaje es una gran base para la vida posterior, ...","breadcrumb":{"@id":"https:\/\/www.amsbeck-mt.de\/en\/2023\/05\/31\/mit-fliehkraftkupplung-auf-der-bom\/#breadcrumb"},"inLanguage":"es","potentialAction":[{"@type":"ReadAction","target":["https:\/\/www.amsbeck-mt.de\/en\/2023\/05\/31\/mit-fliehkraftkupplung-auf-der-bom\/"]}]},{"@type":"ImageObject","inLanguage":"es","@id":"https:\/\/www.amsbeck-mt.de\/en\/2023\/05\/31\/mit-fliehkraftkupplung-auf-der-bom\/#primaryimage","url":"https:\/\/www.amsbeck-mt.de\/wp-content\/uploads\/2023\/05\/Optimized-f46b9899-3bbe-4ab0-8d88-bd7068df7bcb.jpeg","contentUrl":"https:\/\/www.amsbeck-mt.de\/wp-content\/uploads\/2023\/05\/Optimized-f46b9899-3bbe-4ab0-8d88-bd7068df7bcb.jpeg","width":1000,"height":750},{"@type":"BreadcrumbList","@id":"https:\/\/www.amsbeck-mt.de\/en\/2023\/05\/31\/mit-fliehkraftkupplung-auf-der-bom\/#breadcrumb","itemListElement":[{"@type":"ListItem","position":1,"name":"Startseite","item":"https:\/\/www.amsbeck-mt.de\/"},{"@type":"ListItem","position":2,"name":"Amsbeck auf der BOM"}]},{"@type":"WebSite","@id":"https:\/\/www.amsbeck-mt.de\/#website","url":"https:\/\/www.amsbeck-mt.de\/","name":"Tecnolog\u00eda de maquinaria Amsbeck","description":"Su socio para embragues centr\u00edfugos y frenos centr\u00edfugos","potentialAction":[{"@type":"SearchAction","target":{"@type":"EntryPoint","urlTemplate":"https:\/\/www.amsbeck-mt.de\/?s={search_term_string}"},"query-input":{"@type":"PropertyValueSpecification","valueRequired":true,"valueName":"search_term_string"}}],"inLanguage":"es"},{"@type":"Person","@id":"https:\/\/www.amsbeck-mt.de\/#\/schema\/person\/68452e192f923aad966373df8e494165","name":"Admin","image":{"@type":"ImageObject","inLanguage":"es","@id":"https:\/\/secure.gravatar.com\/avatar\/c0d3f1c3d66d5c515e02bd9b55ac469c62cef0e75e71c5bdee264742ff3e7908?s=96&d=mm&r=g","url":"https:\/\/secure.gravatar.com\/avatar\/c0d3f1c3d66d5c515e02bd9b55ac469c62cef0e75e71c5bdee264742ff3e7908?s=96&d=mm&r=g","contentUrl":"https:\/\/secure.gravatar.com\/avatar\/c0d3f1c3d66d5c515e02bd9b55ac469c62cef0e75e71c5bdee264742ff3e7908?s=96&d=mm&r=g","caption":"Admin"},"sameAs":["https:\/\/www.amsbeck-mt.de"],"url":"https:\/\/www.amsbeck-mt.de\/es\/author\/admin\/"}]}},"brizy_media":[{"id":14956,"url":"https:\/\/www.amsbeck-mt.de\/wp-content\/uploads\/2023\/05\/Optimized-20230524_080440.jpg","name":"Optimized-20230524_080440.jpg","meta":{"brizy_attachment_uid":"wp-f8a51fced77b61c7290d8bc42b0f3ebe.jpg","brizy_post_uid":["2cd634a9066e3e037864f3954c44e2b0"]}},{"id":14957,"url":"https:\/\/www.amsbeck-mt.de\/wp-content\/uploads\/2023\/05\/Optimized-f46b9899-3bbe-4ab0-8d88-bd7068df7bcb.jpeg","name":"Optimized-f46b9899-3bbe-4ab0-8d88-bd7068df7bcb.jpeg","meta":{"brizy_attachment_uid":"wp-d6533fb50dc65377a0bee50ccb1ea9dd.jpeg","brizy_post_uid":["2cd634a9066e3e037864f3954c44e2b0","76b27f1940c8a319f5de8b3fd160e71d"]}},{"id":14958,"url":"https:\/\/www.amsbeck-mt.de\/wp-content\/uploads\/2023\/05\/Optimized-Gluecksrad.jpeg","name":"Optimized-Gluecksrad.jpeg","meta":{"brizy_attachment_uid":"wp-98af15d6c1cf51e1f09f4f21d0d7884b.jpeg","brizy_post_uid":["2cd634a9066e3e037864f3954c44e2b0"]}}],"_links":{"self":[{"href":"https:\/\/www.amsbeck-mt.de\/es\/wp-json\/wp\/v2\/posts\/14955","targetHints":{"allow":["GET"]}}],"collection":[{"href":"https:\/\/www.amsbeck-mt.de\/es\/wp-json\/wp\/v2\/posts"}],"about":[{"href":"https:\/\/www.amsbeck-mt.de\/es\/wp-json\/wp\/v2\/types\/post"}],"author":[{"embeddable":true,"href":"https:\/\/www.amsbeck-mt.de\/es\/wp-json\/wp\/v2\/users\/1"}],"replies":[{"embeddable":true,"href":"https:\/\/www.amsbeck-mt.de\/es\/wp-json\/wp\/v2\/comments?post=14955"}],"version-history":[{"count":30,"href":"https:\/\/www.amsbeck-mt.de\/es\/wp-json\/wp\/v2\/posts\/14955\/revisions"}],"predecessor-version":[{"id":15086,"href":"https:\/\/www.amsbeck-mt.de\/es\/wp-json\/wp\/v2\/posts\/14955\/revisions\/15086"}],"wp:featuredmedia":[{"embeddable":true,"href":"https:\/\/www.amsbeck-mt.de\/es\/wp-json\/wp\/v2\/media\/14957"}],"wp:attachment":[{"href":"https:\/\/www.amsbeck-mt.de\/es\/wp-json\/wp\/v2\/media?parent=14955"}],"wp:term":[{"taxonomy":"category","embeddable":true,"href":"https:\/\/www.amsbeck-mt.de\/es\/wp-json\/wp\/v2\/categories?post=14955"},{"taxonomy":"post_tag","embeddable":true,"href":"https:\/\/www.amsbeck-mt.de\/es\/wp-json\/wp\/v2\/tags?post=14955"}],"curies":[{"name":"wp","href":"https:\/\/api.w.org\/{rel}","templated":true}]}}